{"id":12529,"date":"2025-02-03T11:38:33","date_gmt":"2025-02-03T17:38:33","guid":{"rendered":"https:\/\/luisvaltierranoticias.com\/?p=12529"},"modified":"2025-02-03T11:38:36","modified_gmt":"2025-02-03T17:38:36","slug":"preparatoria-federal-juvenal-boone-flores-inicia-inscripciones-para-el-ciclo-escolar-2025-2026","status":"publish","type":"post","link":"https:\/\/luisvaltierranoticias.com\/?p=12529","title":{"rendered":"Preparatoria Federal \u201cJuvenal Boone Flores\u201d inicia inscripciones para el ciclo escolar 2025-2026"},"content":{"rendered":"\n<ul class=\"wp-block-list\">\n<li>La direcci\u00f3n del plantel ha exhortado a los interesados en inscripci\u00f3n y reinscripci\u00f3n a realizar su tr\u00e1mite en tiempo y forma para evitar contratiempos y asegurar su lugar en el pr\u00f3ximo ciclo escolar.<\/li>\n<\/ul>\n\n\n\n<p>Por: Fernanda Valtierra Hern\u00e1ndez | #NuevoLaredo #Laredo #NLD #Tamaulipas<\/p>\n\n\n\n<p>Nuevo Laredo, Tamaulipas. &#8211; La Preparatoria Federal por Cooperaci\u00f3n N\u00famero Uno, Profesor Juvenal Boone Flores\u201d, ha abierto su proceso de inscripciones para el ciclo escolar 2025-2026. Este periodo est\u00e1 dirigido a estudiantes de nuevo ingreso y a aquellos que buscan reinscribirse, con el objetivo de garantizar una educaci\u00f3n continua y de calidad en la regi\u00f3n.<\/p>\n\n\n\n<p>\u201cEstamos invitando a todos aquellos j\u00f3venes que est\u00e1n por culminar su secundaria, a que se inscriban a la Preparatoria Federal n\u00famero uno por cooperaci\u00f3n, Profesor Juvenal Boone Flores, es un bachillerato general de 3 a\u00f1os en turno matutino, con especialidad en ciencias exactas y sociales, sin examen de admisi\u00f3n\u201d dijo la Directora Sara\u00ed Avalos Lim\u00f3n.<\/p>\n\n\n\n<p>El periodo de inscripciones estar\u00e1 vigente de febrero hasta el mes de agosto; durante el cual los aspirantes deber\u00e1n presentar la documentaci\u00f3n requerida, incluyendo acta de nacimiento, certificado de secundaria y CURP. Adem\u00e1s, los alumnos de nuevo reingreso deber\u00e1n presentarse del martes 4 al 7 de febrero de 8 de la ma\u00f1ana a 12 del mediod\u00eda.<\/p>\n\n\n\n<p>La directora de la Preparatoria Federal \u201cJuvenal Boone Flores, Sara\u00ed \u00c1valos Lim\u00f3n se\u00f1al\u00f3: \u201cPara los alumnos que van de reingreso a todos los semestres, deber\u00e1n presentarse del martes 4 al viernes 7 de febrero de 8 de la ma\u00f1ana a 12 del mediod\u00eda, con cuatro fotograf\u00edas tama\u00f1o infantil y con su respectivo certificado m\u00e9dico\u201d.<\/p>\n\n\n\n<p>Para mayor comodidad la preparatoria ha habilitado m\u00f3dulos de atenci\u00f3n e informaci\u00f3n los fines de semana en Paseo Reforma; entre semana puede acudir a las instalaciones ubicadas en Boulevard Constituyentes y Calle Uno en la colonia ISSSTE Benito Ju\u00e1rez.<\/p>\n\n\n\n<p>La direcci\u00f3n del plantel ha exhortado a los interesados a realizar su tr\u00e1mite en tiempo y forma para evitar contratiempos y asegurar su lugar en el pr\u00f3ximo ciclo escolar; para mayor informaci\u00f3n puede comunicarse a los tel\u00e9fonos: (867) 717 0652 y (867) 717 0635.<\/p>\n","protected":false},"excerpt":{"rendered":"<p>Por: Fernanda Valtierra Hern\u00e1ndez | #NuevoLaredo #Laredo #NLD #Tamaulipas Nuevo Laredo, Tamaulipas. &#8211; La Preparatoria Federal por Cooperaci\u00f3n N\u00famero Uno, Profesor Juvenal Boone Flores\u201d, ha abierto su proceso de inscripciones para el ciclo escolar 2025-2026. Este periodo est\u00e1 dirigido a estudiantes de nuevo ingreso y a aquellos que buscan reinscribirse, con el objetivo de garantizar [&hellip;]<\/p>\n","protected":false},"author":1,"featured_media":12530,"comment_status":"open","ping_status":"open","sticky":false,"template":"","format":"standard","meta":{"footnotes":""},"categories":[31],"tags":[],"class_list":{"0":"post-12529","1":"post","2":"type-post","3":"status-publish","4":"format-standard","5":"has-post-thumbnail","7":"category-nuevo-laredo"},"amp_enabled":true,"_links":{"self":[{"href":"https:\/\/luisvaltierranoticias.com\/index.php?rest_route=\/wp\/v2\/posts\/12529","targetHints":{"allow":["GET"]}}],"collection":[{"href":"https:\/\/luisvaltierranoticias.com\/index.php?rest_route=\/wp\/v2\/posts"}],"about":[{"href":"https:\/\/luisvaltierranoticias.com\/index.php?rest_route=\/wp\/v2\/types\/post"}],"author":[{"embeddable":true,"href":"https:\/\/luisvaltierranoticias.com\/index.php?rest_route=\/wp\/v2\/users\/1"}],"replies":[{"embeddable":true,"href":"https:\/\/luisvaltierranoticias.com\/index.php?rest_route=%2Fwp%2Fv2%2Fcomments&post=12529"}],"version-history":[{"count":1,"href":"https:\/\/luisvaltierranoticias.com\/index.php?rest_route=\/wp\/v2\/posts\/12529\/revisions"}],"predecessor-version":[{"id":12531,"href":"https:\/\/luisvaltierranoticias.com\/index.php?rest_route=\/wp\/v2\/posts\/12529\/revisions\/12531"}],"wp:featuredmedia":[{"embeddable":true,"href":"https:\/\/luisvaltierranoticias.com\/index.php?rest_route=\/wp\/v2\/media\/12530"}],"wp:attachment":[{"href":"https:\/\/luisvaltierranoticias.com\/index.php?rest_route=%2Fwp%2Fv2%2Fmedia&parent=12529"}],"wp:term":[{"taxonomy":"category","embeddable":true,"href":"https:\/\/luisvaltierranoticias.com\/index.php?rest_route=%2Fwp%2Fv2%2Fcategories&post=12529"},{"taxonomy":"post_tag","embeddable":true,"href":"https:\/\/luisvaltierranoticias.com\/index.php?rest_route=%2Fwp%2Fv2%2Ftags&post=12529"}],"curies":[{"name":"wp","href":"https:\/\/api.w.org\/{rel}","templated":true}]}}