{"id":12519,"date":"2025-02-02T18:04:00","date_gmt":"2025-02-03T00:04:00","guid":{"rendered":"https:\/\/luisvaltierranoticias.com\/?p=12519"},"modified":"2025-02-02T18:04:02","modified_gmt":"2025-02-03T00:04:02","slug":"conmemoraron-estudiantes-de-la-universidad-politecnica-de-la-region-riberena-dia-mundial-de-la-educacion-ambiental","status":"publish","type":"post","link":"https:\/\/luisvaltierranoticias.com\/?p=12519","title":{"rendered":"Conmemoraron estudiantes de la Universidad Polit\u00e9cnica de la Regi\u00f3n Ribere\u00f1a \u201cD\u00eda Mundial de la Educaci\u00f3n Ambiental\u201d"},"content":{"rendered":"\n<p>Por: Agencias<\/p>\n\n\n\n<p>Miguel Alem\u00e1n, Tamaulipas.- Estudiantes que integran el Grupo de Ecolog\u00eda de la Universidad Polit\u00e9cnica de la Regi\u00f3n Ribere\u00f1a (UPRR), con apoyo del bi\u00f3logo Virgilio Garc\u00eda Jim\u00e9nez, encargado del vivero municipal de Miguel Alem\u00e1n y su equipo de trabajo, conmemoraron el \u201cD\u00eda Mundial de la Educaci\u00f3n Ambiental\u201d.<\/p>\n\n\n\n<p>En una jornada especial, las y los j\u00f3venes universitarios llevaron a cabo la plantaci\u00f3n de dos encinos en las \u00e1reas verdes del plantel, que se colocaron estrat\u00e9gicamente entre el edificio principal, as\u00ed como en los espacios de laboratorios y talleres.<\/p>\n\n\n\n<p>H\u00e9ctor Diez Rodr\u00edguez, rector de la UPRR, coment\u00f3 que la plantaci\u00f3n de estos \u00e1rboles no solo contribuye a la conciencia ecol\u00f3gica de las y los estudiantes, sino que tambi\u00e9n mejora el entorno natural de la universidad y constituye un paso m\u00e1s en la lucha contra el cambio clim\u00e1tico del planeta.<\/p>\n\n\n\n<p>Agradeci\u00f3 al bi\u00f3logo Virgilio Garc\u00eda y a su equipo de colaboradores del vivero municipal, por su importante apoyo en esta celebraci\u00f3n ambiental, as\u00ed como a las y los j\u00f3venes del grupo de ecolog\u00eda de la instituci\u00f3n, por su dedicaci\u00f3n, esfuerzo y compromiso con el medio ambiente.<\/p>\n\n\n\n<p>Reconoci\u00f3 al gobierno humanista que lidera el gobernador Am\u00e9rico Villarreal Anaya, que por medio de la Secretar\u00eda de Educaci\u00f3n de Tamaulipas, bajo la conducci\u00f3n de Luc\u00eda Aim\u00e9 Castillo Pastor, impulsa la pol\u00edtica educativa que fomenta valores como el cuidado y respeto hacia el entorno natural y fomenta la educaci\u00f3n ambiental.<\/p>\n","protected":false},"excerpt":{"rendered":"<p>Por: Agencias Miguel Alem\u00e1n, Tamaulipas.- Estudiantes que integran el Grupo de Ecolog\u00eda de la Universidad Polit\u00e9cnica de la Regi\u00f3n Ribere\u00f1a (UPRR), con apoyo del bi\u00f3logo Virgilio Garc\u00eda Jim\u00e9nez, encargado del vivero municipal de Miguel Alem\u00e1n y su equipo de trabajo, conmemoraron el \u201cD\u00eda Mundial de la Educaci\u00f3n Ambiental\u201d. En una jornada especial, las y los [&hellip;]<\/p>\n","protected":false},"author":1,"featured_media":12520,"comment_status":"open","ping_status":"open","sticky":false,"template":"","format":"standard","meta":{"footnotes":""},"categories":[53],"tags":[],"class_list":{"0":"post-12519","1":"post","2":"type-post","3":"status-publish","4":"format-standard","5":"has-post-thumbnail","7":"category-tamaulipas"},"amp_enabled":true,"_links":{"self":[{"href":"https:\/\/luisvaltierranoticias.com\/index.php?rest_route=\/wp\/v2\/posts\/12519","targetHints":{"allow":["GET"]}}],"collection":[{"href":"https:\/\/luisvaltierranoticias.com\/index.php?rest_route=\/wp\/v2\/posts"}],"about":[{"href":"https:\/\/luisvaltierranoticias.com\/index.php?rest_route=\/wp\/v2\/types\/post"}],"author":[{"embeddable":true,"href":"https:\/\/luisvaltierranoticias.com\/index.php?rest_route=\/wp\/v2\/users\/1"}],"replies":[{"embeddable":true,"href":"https:\/\/luisvaltierranoticias.com\/index.php?rest_route=%2Fwp%2Fv2%2Fcomments&post=12519"}],"version-history":[{"count":1,"href":"https:\/\/luisvaltierranoticias.com\/index.php?rest_route=\/wp\/v2\/posts\/12519\/revisions"}],"predecessor-version":[{"id":12521,"href":"https:\/\/luisvaltierranoticias.com\/index.php?rest_route=\/wp\/v2\/posts\/12519\/revisions\/12521"}],"wp:featuredmedia":[{"embeddable":true,"href":"https:\/\/luisvaltierranoticias.com\/index.php?rest_route=\/wp\/v2\/media\/12520"}],"wp:attachment":[{"href":"https:\/\/luisvaltierranoticias.com\/index.php?rest_route=%2Fwp%2Fv2%2Fmedia&parent=12519"}],"wp:term":[{"taxonomy":"category","embeddable":true,"href":"https:\/\/luisvaltierranoticias.com\/index.php?rest_route=%2Fwp%2Fv2%2Fcategories&post=12519"},{"taxonomy":"post_tag","embeddable":true,"href":"https:\/\/luisvaltierranoticias.com\/index.php?rest_route=%2Fwp%2Fv2%2Ftags&post=12519"}],"curies":[{"name":"wp","href":"https:\/\/api.w.org\/{rel}","templated":true}]}}