{"id":12510,"date":"2025-02-02T17:11:10","date_gmt":"2025-02-02T23:11:10","guid":{"rendered":"https:\/\/luisvaltierranoticias.com\/?p=12510"},"modified":"2025-02-02T17:11:12","modified_gmt":"2025-02-02T23:11:12","slug":"con-gran-exito-se-lleva-a-cabo-el-tamal-fest","status":"publish","type":"post","link":"https:\/\/luisvaltierranoticias.com\/?p=12510","title":{"rendered":"CON GRAN \u00c9XITO SE LLEVA A CABO EL TAMAL FEST"},"content":{"rendered":"\n<p>Por: Staff | #NuevoLaredo #Laredo #NLD #Tamaulipas<\/p>\n\n\n\n<p>Con el objetivo de preservar las tradiciones, impulsar negocios de emprendedores locales y sobre todo, la convivencia familiar, se realiz\u00f3 con gran \u00e9xito el primer Tamal Fest en el Centro C\u00edvico \u201cCarlos Cant\u00fa Rosas\u201d.<\/p>\n\n\n\n<p>Desde muy temprano, alrededor de 40 negocios locales ya establecidos y peque\u00f1os emprendedores, recibieron a cerca de 3 mil visitantes, locales y de la regi\u00f3n, \u00e1vidos de probar este platillo netamente mexicano.<\/p>\n\n\n\n<p>\u201cFue un rotundo \u00e9xito, es la primera vez que se lleva a cabo este festival del tamal organizado por el Gobierno que encabeza Carmen Lilia Canturosas Villarreal; la idea es promover nuestra cultura y qu\u00e9 mejor manera de hacerlo a trav\u00e9s de la gastronom\u00eda con uno de los alimentos m\u00e1s caracter\u00edsticos de los mexicanos como lo es el tamal\u201d, se\u00f1al\u00f3 Rolando Mart\u00edn Guevara, secretario de Desarrollo Econ\u00f3mico.<\/p>\n\n\n\n<p>Guevara agreg\u00f3 que fue tal la demanda que algunos de los expositores agotaron muy temprano sus existencias, lo que habla por s\u00ed solo del \u00e9xito del evento.<\/p>\n\n\n\n<p>Reiter\u00f3 que m\u00e1s all\u00e1 del tema de comercio, el fondo es el turismo social, para que las familias convivan sanamente y con ello los emprendedores se beneficien.<\/p>\n\n\n\n<p>Este tipo de eventos beneficia al turismo de la regi\u00f3n donde ven una forma distinta de divertirse en familia.<\/p>\n\n\n\n<p>\u201cHe saludado a distinta gente, de Hidalgo, Coahuila, de Laredo, Texas y de varias ciudades cercanas; agradecidos con ello por esta respuesta al evento expres\u00f3 por su parte, el regidor Santos Francisco Hern\u00e1ndez Aguilar, presidente de la comisi\u00f3n de Turismo.<\/p>\n\n\n\n<p>Por su parte los negocios y emprendedores se dijeron satisfechos y agradecidos por la oportunidad de exponer sus productos y generar recursos que les permitan seguir creciendo.<\/p>\n\n\n\n<p>\u201cEs de beneficio de mucha gente, de muchos negocios, la verdad es que est\u00e1 muy bien; es una oportunidad muy grande, de aqu\u00ed salen muchos clientes . Muchas gracias a la presidenta por darnos la oportunidad de emprender, realmente es un gran apoyo para o\u201d, extern\u00f3 la banquetera Mariana Silva.<\/p>\n\n\n\n<p>Margarita Reyes del negocio \u201cLa Werita\u201d dijo que esta era una gran oportunidad de que la gente conozca la gran variedad de tamales que existen, como el de hoja de pl\u00e1tano que ella vende, de chocolate, de dulce con pi\u00f1a natural y queso con zarzamora.<\/p>\n\n\n\n<p>\u201cQue los conozcan, los prueben y los compren\u201d, invit\u00f3 la Werita.<\/p>\n\n\n\n<p>Los asistentes se dieron gusto degustando sus tamales en espacios especiales para ello.<\/p>\n\n\n\n<p>Vicky G\u00f3ngora, originaria de Veracruz y residente de la colonia La Paz se mostr\u00f3 muy contenta con el evento que de igual manera le da oportunidad de reencontrarse con su tierra , costumbres y paisanos.<\/p>\n\n\n\n<p>\u201cHay tamales que se hacen de calabaza, hay mucha gente que no los conoce; hay otro que lo hacen mucho en el centro de Veracruz , llamado el zacahuil . Felicito a nuestra presidenta municipal por estos eventos, me encant\u00f3\u201d, expres\u00f3 la veracruzana.<\/p>\n","protected":false},"excerpt":{"rendered":"<p>Por: Staff | #NuevoLaredo #Laredo #NLD #Tamaulipas Con el objetivo de preservar las tradiciones, impulsar negocios de emprendedores locales y sobre todo, la convivencia familiar, se realiz\u00f3 con gran \u00e9xito el primer Tamal Fest en el Centro C\u00edvico \u201cCarlos Cant\u00fa Rosas\u201d. Desde muy temprano, alrededor de 40 negocios locales ya establecidos y peque\u00f1os emprendedores, recibieron [&hellip;]<\/p>\n","protected":false},"author":1,"featured_media":12511,"comment_status":"open","ping_status":"open","sticky":false,"template":"","format":"standard","meta":{"footnotes":""},"categories":[31],"tags":[],"class_list":{"0":"post-12510","1":"post","2":"type-post","3":"status-publish","4":"format-standard","5":"has-post-thumbnail","7":"category-nuevo-laredo"},"amp_enabled":true,"_links":{"self":[{"href":"https:\/\/luisvaltierranoticias.com\/index.php?rest_route=\/wp\/v2\/posts\/12510","targetHints":{"allow":["GET"]}}],"collection":[{"href":"https:\/\/luisvaltierranoticias.com\/index.php?rest_route=\/wp\/v2\/posts"}],"about":[{"href":"https:\/\/luisvaltierranoticias.com\/index.php?rest_route=\/wp\/v2\/types\/post"}],"author":[{"embeddable":true,"href":"https:\/\/luisvaltierranoticias.com\/index.php?rest_route=\/wp\/v2\/users\/1"}],"replies":[{"embeddable":true,"href":"https:\/\/luisvaltierranoticias.com\/index.php?rest_route=%2Fwp%2Fv2%2Fcomments&post=12510"}],"version-history":[{"count":1,"href":"https:\/\/luisvaltierranoticias.com\/index.php?rest_route=\/wp\/v2\/posts\/12510\/revisions"}],"predecessor-version":[{"id":12512,"href":"https:\/\/luisvaltierranoticias.com\/index.php?rest_route=\/wp\/v2\/posts\/12510\/revisions\/12512"}],"wp:featuredmedia":[{"embeddable":true,"href":"https:\/\/luisvaltierranoticias.com\/index.php?rest_route=\/wp\/v2\/media\/12511"}],"wp:attachment":[{"href":"https:\/\/luisvaltierranoticias.com\/index.php?rest_route=%2Fwp%2Fv2%2Fmedia&parent=12510"}],"wp:term":[{"taxonomy":"category","embeddable":true,"href":"https:\/\/luisvaltierranoticias.com\/index.php?rest_route=%2Fwp%2Fv2%2Fcategories&post=12510"},{"taxonomy":"post_tag","embeddable":true,"href":"https:\/\/luisvaltierranoticias.com\/index.php?rest_route=%2Fwp%2Fv2%2Ftags&post=12510"}],"curies":[{"name":"wp","href":"https:\/\/api.w.org\/{rel}","templated":true}]}}