{"id":12507,"date":"2025-02-02T00:12:59","date_gmt":"2025-02-02T06:12:59","guid":{"rendered":"https:\/\/luisvaltierranoticias.com\/?p=12507"},"modified":"2025-02-02T00:13:02","modified_gmt":"2025-02-02T06:13:02","slug":"gobernador-americo-villarreal-y-alcaldesa-carmen-lilia-canturosas-supervisan-albergue-de-migrantes-dif-estatal-entrega-ambulancia-para-apoyo-a-migrantes","status":"publish","type":"post","link":"https:\/\/luisvaltierranoticias.com\/?p=12507","title":{"rendered":"GOBERNADOR AM\u00c9RICO VILLARREAL Y ALCALDESA CARMEN LILIA CANTUROSAS SUPERVISAN ALBERGUE DE MIGRANTES; DIF ESTATAL ENTREGA AMBULANCIA PARA APOYO A MIGRANTES"},"content":{"rendered":"\n<p>Por: Staff | #NuevoLaredo #Laredo #NLD #Tamaulipas<\/p>\n\n\n\n<p>En un esfuerzo conjunto y coordinado entre los tres niveles de gobierno, el Gobernador del Estado, Am\u00e9rico Villarreal Anaya, la presidenta municipal de Nuevo Laredo, Carmen Lilia Canturosas Villarreal, y el c\u00f3nsul de M\u00e9xico en Laredo, Texas, Juan Carlos Mendoza, realizaron un recorrido por el Centro de Atenci\u00f3n a Repatriados \u201cM\u00e9xico te Abraza\u201d, ubicado en esta ciudad fronteriza.<\/p>\n\n\n\n<p>En un acto simb\u00f3lico de solidaridad y compromiso con la comunidad, el mandatario estatal, acompa\u00f1ado de su esposa, la presidenta del Sistema DIF Estatal, Mar\u00eda de Villarreal, hizo entrega de una ambulancia totalmente equipada al DIF Nuevo Laredo; esta unidad fortalecer\u00e1 la capacidad de respuesta ante emergencias m\u00e9dicas y facilitar\u00e1 el traslado seguro de los connacionales que lo requieran.<\/p>\n\n\n\n<p>Durante la visita, el Gobernador Villarreal Anaya destac\u00f3 que este operativo, impulsado por la presidenta de M\u00e9xico, Claudia Sheinbaum Pardo, refleja la capacidad de coordinaci\u00f3n y organizaci\u00f3n del pa\u00eds para enfrentar los desaf\u00edos migratorios y garantizar el bienestar de los mexicanos que regresan al territorio nacional.<\/p>\n\n\n\n<p>\u201cEste esfuerzo conjunto entre el Gobierno Federal, Estatal y Municipal es un ejemplo claro de c\u00f3mo trabajamos unidos para proteger y apoyar a nuestros hermanos repatriados\u201d, afirm\u00f3.<\/p>\n\n\n\n<p>La presidenta municipal, Carmen Lilia Canturosas, agradeci\u00f3 la donaci\u00f3n y resalt\u00f3 la importancia de este tipo de acciones para atender de manera r\u00e1pida y eficiente las necesidades de los deportados que llegan a la ciudad.<\/p>\n\n\n\n<p>\u201cCada visita del Gobernador y su esposa trae grandes beneficios para los neolaredenses y, en esta ocasi\u00f3n, para nuestros hermanos connacionales, esta ambulancia es una muestra m\u00e1s del compromiso que tenemos con la seguridad y el bienestar de quienes m\u00e1s lo necesitan\u201d, expres\u00f3.<\/p>\n\n\n\n<p>El albergue \u201cM\u00e9xico te Abraza\u201d, ubicado en la explanada del Polyforum Rodolfo Torre Cant\u00fa, cuenta con tres carpas gigantes con capacidad para albergar a m\u00e1s de 3 mil personas. Aunque hasta el momento no se ha registrado la llegada de deportados por esta frontera, las autoridades aseguraron que est\u00e1n preparadas para brindar atenci\u00f3n inmediata en caso de que se presente un flujo migratorio.<\/p>\n\n\n\n<p>Este esfuerzo conjunto entre los gobiernos Federal, Estatal y Municipal refuerza el mensaje de que M\u00e9xico est\u00e1 listo para recibir con los brazos abiertos a sus connacionales, garantizando su seguridad, salud y bienestar en todo momento. La colaboraci\u00f3n entre las autoridades refleja el compromiso de trabajar unidos por el desarrollo y la protecci\u00f3n de las familias neolaredenses y de quienes regresan al pa\u00eds en busca de un nuevo comienzo.<\/p>\n\n\n\n<p>Con acciones como \u00e9stas, Nuevo Laredo se consolida como un ejemplo de coordinaci\u00f3n y solidaridad, demostrando que, cuando los tres niveles de gobierno trabajan en conjunto, es posible generar soluciones efectivas que impacten positivamente en la vida de la poblaci\u00f3n.<\/p>\n","protected":false},"excerpt":{"rendered":"<p>Por: Staff | #NuevoLaredo #Laredo #NLD #Tamaulipas En un esfuerzo conjunto y coordinado entre los tres niveles de gobierno, el Gobernador del Estado, Am\u00e9rico Villarreal Anaya, la presidenta municipal de Nuevo Laredo, Carmen Lilia Canturosas Villarreal, y el c\u00f3nsul de M\u00e9xico en Laredo, Texas, Juan Carlos Mendoza, realizaron un recorrido por el Centro de Atenci\u00f3n [&hellip;]<\/p>\n","protected":false},"author":1,"featured_media":12508,"comment_status":"open","ping_status":"open","sticky":false,"template":"","format":"standard","meta":{"footnotes":""},"categories":[31,53],"tags":[],"class_list":{"0":"post-12507","1":"post","2":"type-post","3":"status-publish","4":"format-standard","5":"has-post-thumbnail","7":"category-nuevo-laredo","8":"category-tamaulipas"},"amp_enabled":true,"_links":{"self":[{"href":"https:\/\/luisvaltierranoticias.com\/index.php?rest_route=\/wp\/v2\/posts\/12507","targetHints":{"allow":["GET"]}}],"collection":[{"href":"https:\/\/luisvaltierranoticias.com\/index.php?rest_route=\/wp\/v2\/posts"}],"about":[{"href":"https:\/\/luisvaltierranoticias.com\/index.php?rest_route=\/wp\/v2\/types\/post"}],"author":[{"embeddable":true,"href":"https:\/\/luisvaltierranoticias.com\/index.php?rest_route=\/wp\/v2\/users\/1"}],"replies":[{"embeddable":true,"href":"https:\/\/luisvaltierranoticias.com\/index.php?rest_route=%2Fwp%2Fv2%2Fcomments&post=12507"}],"version-history":[{"count":1,"href":"https:\/\/luisvaltierranoticias.com\/index.php?rest_route=\/wp\/v2\/posts\/12507\/revisions"}],"predecessor-version":[{"id":12509,"href":"https:\/\/luisvaltierranoticias.com\/index.php?rest_route=\/wp\/v2\/posts\/12507\/revisions\/12509"}],"wp:featuredmedia":[{"embeddable":true,"href":"https:\/\/luisvaltierranoticias.com\/index.php?rest_route=\/wp\/v2\/media\/12508"}],"wp:attachment":[{"href":"https:\/\/luisvaltierranoticias.com\/index.php?rest_route=%2Fwp%2Fv2%2Fmedia&parent=12507"}],"wp:term":[{"taxonomy":"category","embeddable":true,"href":"https:\/\/luisvaltierranoticias.com\/index.php?rest_route=%2Fwp%2Fv2%2Fcategories&post=12507"},{"taxonomy":"post_tag","embeddable":true,"href":"https:\/\/luisvaltierranoticias.com\/index.php?rest_route=%2Fwp%2Fv2%2Ftags&post=12507"}],"curies":[{"name":"wp","href":"https:\/\/api.w.org\/{rel}","templated":true}]}}