{"id":12504,"date":"2025-02-02T00:01:52","date_gmt":"2025-02-02T06:01:52","guid":{"rendered":"https:\/\/luisvaltierranoticias.com\/?p=12504"},"modified":"2025-02-02T00:01:53","modified_gmt":"2025-02-02T06:01:53","slug":"realiza-gobierno-municipal-bazar-comunitario-en-villas-de-san-miguel","status":"publish","type":"post","link":"https:\/\/luisvaltierranoticias.com\/?p=12504","title":{"rendered":"REALIZA GOBIERNO MUNICIPAL BAZAR COMUNITARIO EN VILLAS DE SAN MIGUEL"},"content":{"rendered":"\n<p>Por: Staff | #NuevoLaredo #Laredo #NLD #Tamaulipas<\/p>\n\n\n\n<p>Como parte de promoci\u00f3n de negocios locales en los diversos puntos de la ciudad, se realiz\u00f3 el Bazar Comunitario en la colonia Villas de San Miguel con la presencia de alrededor de 20 emprendedores.<\/p>\n\n\n\n<p>\u201cSe trata de reactivar la econom\u00eda local, darles una oportunidad a los negocios para impulsarlos a tener ya su negocios formal\u201d, explic\u00f3 Yazmin de Reza, titular de la jefatura de bazares.<\/p>\n\n\n\n<p>En esta oportunidad hab\u00eda expositores del ramo de alimentos, bisuter\u00eda, zapatos,cobijas, ropa y detalles para San Valent\u00edn.<\/p>\n\n\n\n<p>La funcionaria se dio satisfecha y mencion\u00f3 que en base a estas actividades la ciudadan\u00eda se ha animado a emprender su propio negocios.<\/p>\n\n\n\n<p>Por su parte los expositores aprovechan este tipo de eventos para promocionar sus productos y obtener recursos econ\u00f3micos.<\/p>\n\n\n\n<p>\u201cEst\u00e1 muy bien porque a veces no tenemos la oportunidad de d\u00f3nde vender, sobre todo en sitios cerrados, La verdad si vale la pena\u201d, se\u00f1al\u00f3 Itzamara Larumbe, propietaria de un negocios de venta de bolsas, mo\u00f1os y de belleza.<\/p>\n\n\n\n<p>Los clientes como Vanesa Tovar aprovechan para adquirir detalles sin acudir hasta el centro de la ciudad,<\/p>\n\n\n\n<p>\u201cEst\u00e1 muy bien, aparte est\u00e1 muy organizado y nos quedan muy cerca. No andas afuera en el solazo o en fr\u00edo y est\u00e1s c\u00f3modo. Ojal\u00e1 hubiera de esto en todas las colonias\u201d#, dijo<\/p>\n\n\n\n<p>Los interesados a exponer sus productos en estos bazares pueden acudir a la Secretaria de Bienestar Social ubicada en el Anexo de la Presidencia Municipal para registrarse y que obtengan informaci\u00f3n sobre eventos futuros.<\/p>\n","protected":false},"excerpt":{"rendered":"<p>Por: Staff | #NuevoLaredo #Laredo #NLD #Tamaulipas Como parte de promoci\u00f3n de negocios locales en los diversos puntos de la ciudad, se realiz\u00f3 el Bazar Comunitario en la colonia Villas de San Miguel con la presencia de alrededor de 20 emprendedores. \u201cSe trata de reactivar la econom\u00eda local, darles una oportunidad a los negocios para [&hellip;]<\/p>\n","protected":false},"author":1,"featured_media":12505,"comment_status":"open","ping_status":"open","sticky":false,"template":"","format":"standard","meta":{"footnotes":""},"categories":[31],"tags":[],"class_list":{"0":"post-12504","1":"post","2":"type-post","3":"status-publish","4":"format-standard","5":"has-post-thumbnail","7":"category-nuevo-laredo"},"amp_enabled":true,"_links":{"self":[{"href":"https:\/\/luisvaltierranoticias.com\/index.php?rest_route=\/wp\/v2\/posts\/12504","targetHints":{"allow":["GET"]}}],"collection":[{"href":"https:\/\/luisvaltierranoticias.com\/index.php?rest_route=\/wp\/v2\/posts"}],"about":[{"href":"https:\/\/luisvaltierranoticias.com\/index.php?rest_route=\/wp\/v2\/types\/post"}],"author":[{"embeddable":true,"href":"https:\/\/luisvaltierranoticias.com\/index.php?rest_route=\/wp\/v2\/users\/1"}],"replies":[{"embeddable":true,"href":"https:\/\/luisvaltierranoticias.com\/index.php?rest_route=%2Fwp%2Fv2%2Fcomments&post=12504"}],"version-history":[{"count":1,"href":"https:\/\/luisvaltierranoticias.com\/index.php?rest_route=\/wp\/v2\/posts\/12504\/revisions"}],"predecessor-version":[{"id":12506,"href":"https:\/\/luisvaltierranoticias.com\/index.php?rest_route=\/wp\/v2\/posts\/12504\/revisions\/12506"}],"wp:featuredmedia":[{"embeddable":true,"href":"https:\/\/luisvaltierranoticias.com\/index.php?rest_route=\/wp\/v2\/media\/12505"}],"wp:attachment":[{"href":"https:\/\/luisvaltierranoticias.com\/index.php?rest_route=%2Fwp%2Fv2%2Fmedia&parent=12504"}],"wp:term":[{"taxonomy":"category","embeddable":true,"href":"https:\/\/luisvaltierranoticias.com\/index.php?rest_route=%2Fwp%2Fv2%2Fcategories&post=12504"},{"taxonomy":"post_tag","embeddable":true,"href":"https:\/\/luisvaltierranoticias.com\/index.php?rest_route=%2Fwp%2Fv2%2Ftags&post=12504"}],"curies":[{"name":"wp","href":"https:\/\/api.w.org\/{rel}","templated":true}]}}