{"id":12489,"date":"2025-01-31T19:34:07","date_gmt":"2025-02-01T01:34:07","guid":{"rendered":"https:\/\/luisvaltierranoticias.com\/?p=12489"},"modified":"2025-01-31T19:34:09","modified_gmt":"2025-02-01T01:34:09","slug":"evalua-gobernador-seguridad-en-nuevo-laredo-y-constata-atencion-a-repatriados","status":"publish","type":"post","link":"https:\/\/luisvaltierranoticias.com\/?p=12489","title":{"rendered":"Eval\u00faa gobernador seguridad en Nuevo Laredo y constata atenci\u00f3n a repatriados"},"content":{"rendered":"\n<p>-Junto a la presidenta del DIF Tamaulipas, la doctora Mar\u00eda de Villarreal, Am\u00e9rico entrega ambulancia para brindar servicio a connacionales<\/p>\n\n\n\n<p>Por: Agencias<\/p>\n\n\n\n<p>Nuevo Laredo, Tamaulipas. &#8211; El gobernador Am\u00e9rico Villarreal Anaya inici\u00f3 su gira de trabajo por Nuevo Laredo este viernes, presidiendo la Mesa de Coordinaci\u00f3n para la Construcci\u00f3n de Paz y, posteriormente, recorri\u00f3 las instalaciones del Centro de Atenci\u00f3n a Repatriados.<\/p>\n\n\n\n<p>En la presidencia municipal, el gobernador Villarreal Anaya fue recibido por la alcaldesa Carmen Lilia Canturosas Villarreal y por mandos de las fuerzas armadas para evaluar las acciones que, de manera coordinada, se despliegan en esta regi\u00f3n del estado con el fin de garantizar la paz y la seguridad de las y los tamaulipecos.<\/p>\n\n\n\n<p>Luego de esta reuni\u00f3n de trabajo, el mandatario estatal, acompa\u00f1ado por el c\u00f3nsul de M\u00e9xico en Laredo, Texas, Juan Carlos Mendoza, recorri\u00f3 el Centro de Atenci\u00f3n a Repatriados, donde asegur\u00f3 que todo este despliegue operativo es muestra de la capacidad que tiene nuestro pa\u00eds para organizarse y dar respuesta a los retos que se le presentan.<\/p>\n\n\n\n<p>En este centro, que forma parte de la estrategia de recepci\u00f3n &#8220;M\u00e9xico te Abraza&#8221; y que se ubica en la explanada del Polyforum Rodolfo Torre Cant\u00fa, el gobernador y la doctora Mar\u00eda de Villarreal, presidenta del DIF Tamaulipas, acompa\u00f1ados por \u00c1ngel El\u00edas Aguilar, coordinador de Estrategia de Retorno Humano, entregaron una ambulancia debidamente equipada para brindar servicio y traslados a las y los repatriados.<\/p>\n\n\n\n<p>&#8220;Es un gusto contribuir y estar al pendiente de los repatriados, los recibimos con un apapacho y la atenci\u00f3n de la mejor calidad&#8221;, expres\u00f3 la doctora Mar\u00eda de Villarreal.<\/p>\n\n\n\n<p>La ambulancia fue recibida por Claudette Canturosas, presidenta del Sistema DIF en este municipio.<\/p>\n\n\n\n<figure class=\"wp-block-image size-large\"><img loading=\"lazy\" decoding=\"async\" width=\"1024\" height=\"683\" src=\"https:\/\/luisvaltierranoticias.com\/wp-content\/uploads\/2025\/01\/WhatsApp-Image-2025-01-31-at-5.47.34-PM-1-1024x683.jpeg\" alt=\"\" class=\"wp-image-12493\" srcset=\"https:\/\/luisvaltierranoticias.com\/wp-content\/uploads\/2025\/01\/WhatsApp-Image-2025-01-31-at-5.47.34-PM-1-1024x683.jpeg 1024w, https:\/\/luisvaltierranoticias.com\/wp-content\/uploads\/2025\/01\/WhatsApp-Image-2025-01-31-at-5.47.34-PM-1-300x200.jpeg 300w, https:\/\/luisvaltierranoticias.com\/wp-content\/uploads\/2025\/01\/WhatsApp-Image-2025-01-31-at-5.47.34-PM-1-768x512.jpeg 768w, https:\/\/luisvaltierranoticias.com\/wp-content\/uploads\/2025\/01\/WhatsApp-Image-2025-01-31-at-5.47.34-PM-1-1536x1024.jpeg 1536w, https:\/\/luisvaltierranoticias.com\/wp-content\/uploads\/2025\/01\/WhatsApp-Image-2025-01-31-at-5.47.34-PM-1-150x100.jpeg 150w, https:\/\/luisvaltierranoticias.com\/wp-content\/uploads\/2025\/01\/WhatsApp-Image-2025-01-31-at-5.47.34-PM-1-696x464.jpeg 696w, https:\/\/luisvaltierranoticias.com\/wp-content\/uploads\/2025\/01\/WhatsApp-Image-2025-01-31-at-5.47.34-PM-1-1068x712.jpeg 1068w, https:\/\/luisvaltierranoticias.com\/wp-content\/uploads\/2025\/01\/WhatsApp-Image-2025-01-31-at-5.47.34-PM-1.jpeg 1600w\" sizes=\"auto, (max-width: 1024px) 100vw, 1024px\" \/><\/figure>\n","protected":false},"excerpt":{"rendered":"<p>-Junto a la presidenta del DIF Tamaulipas, la doctora Mar\u00eda de Villarreal, Am\u00e9rico entrega ambulancia para brindar servicio a connacionales Por: Agencias Nuevo Laredo, Tamaulipas. &#8211; El gobernador Am\u00e9rico Villarreal Anaya inici\u00f3 su gira de trabajo por Nuevo Laredo este viernes, presidiendo la Mesa de Coordinaci\u00f3n para la Construcci\u00f3n de Paz y, posteriormente, recorri\u00f3 las [&hellip;]<\/p>\n","protected":false},"author":1,"featured_media":12492,"comment_status":"open","ping_status":"open","sticky":false,"template":"","format":"standard","meta":{"footnotes":""},"categories":[59,53],"tags":[],"class_list":{"0":"post-12489","1":"post","2":"type-post","3":"status-publish","4":"format-standard","5":"has-post-thumbnail","7":"category-destacado","8":"category-tamaulipas"},"amp_enabled":true,"_links":{"self":[{"href":"https:\/\/luisvaltierranoticias.com\/index.php?rest_route=\/wp\/v2\/posts\/12489","targetHints":{"allow":["GET"]}}],"collection":[{"href":"https:\/\/luisvaltierranoticias.com\/index.php?rest_route=\/wp\/v2\/posts"}],"about":[{"href":"https:\/\/luisvaltierranoticias.com\/index.php?rest_route=\/wp\/v2\/types\/post"}],"author":[{"embeddable":true,"href":"https:\/\/luisvaltierranoticias.com\/index.php?rest_route=\/wp\/v2\/users\/1"}],"replies":[{"embeddable":true,"href":"https:\/\/luisvaltierranoticias.com\/index.php?rest_route=%2Fwp%2Fv2%2Fcomments&post=12489"}],"version-history":[{"count":1,"href":"https:\/\/luisvaltierranoticias.com\/index.php?rest_route=\/wp\/v2\/posts\/12489\/revisions"}],"predecessor-version":[{"id":12494,"href":"https:\/\/luisvaltierranoticias.com\/index.php?rest_route=\/wp\/v2\/posts\/12489\/revisions\/12494"}],"wp:featuredmedia":[{"embeddable":true,"href":"https:\/\/luisvaltierranoticias.com\/index.php?rest_route=\/wp\/v2\/media\/12492"}],"wp:attachment":[{"href":"https:\/\/luisvaltierranoticias.com\/index.php?rest_route=%2Fwp%2Fv2%2Fmedia&parent=12489"}],"wp:term":[{"taxonomy":"category","embeddable":true,"href":"https:\/\/luisvaltierranoticias.com\/index.php?rest_route=%2Fwp%2Fv2%2Fcategories&post=12489"},{"taxonomy":"post_tag","embeddable":true,"href":"https:\/\/luisvaltierranoticias.com\/index.php?rest_route=%2Fwp%2Fv2%2Ftags&post=12489"}],"curies":[{"name":"wp","href":"https:\/\/api.w.org\/{rel}","templated":true}]}}