{"id":12482,"date":"2025-01-31T18:53:09","date_gmt":"2025-02-01T00:53:09","guid":{"rendered":"https:\/\/luisvaltierranoticias.com\/?p=12482"},"modified":"2025-01-31T18:53:11","modified_gmt":"2025-02-01T00:53:11","slug":"capacita-gobierno-municipal-a-emprendedores-locales-en-temas-financieros","status":"publish","type":"post","link":"https:\/\/luisvaltierranoticias.com\/?p=12482","title":{"rendered":"CAPACITA GOBIERNO MUNICIPAL A EMPRENDEDORES LOCALES EN TEMAS FINANCIEROS"},"content":{"rendered":"\n<p>Por: Staff | #NuevoLaredo #Laredo #NLD #Tamaulipas<\/p>\n\n\n\n<p>Con el objetivo de impulsar el crecimiento y la formalizaci\u00f3n de los negocios locales, la Direcci\u00f3n de Comercio, Empleo y Pymes, de la Secretar\u00eda de Desarrollo Econ\u00f3mico, realiz\u00f3 un curso especializado para emprendedores y comercios de la ciudad.<\/p>\n\n\n\n<p>La iniciativa, respaldada por la alcaldesa Carmen Lilia Canturosas, reuni\u00f3 a m\u00e1s de 50 participantes, quienes recibieron asesor\u00eda directa del SAT sobre los beneficios de la formalidad, incluyendo el acceso a apoyos gubernamentales y oportunidades de desarrollo.<\/p>\n\n\n\n<p>&#8220;Este esfuerzo del Gobierno de Nuevo Laredo busca consolidar los negocios locales y fomentar el desarrollo econ\u00f3mico de la ciudad&#8221;, afirm\u00f3 Rolando Guevara titular de la Secretar\u00eda de Desarrollo Econ\u00f3mico.<\/p>\n\n\n\n<p>Se invita a emprendedores y due\u00f1os de negocios a estar atentos a pr\u00f3ximas capacitaciones y a sumarse a la construcci\u00f3n de un Nuevo Laredo pr\u00f3spero y lleno de oportunidades.<\/p>\n","protected":false},"excerpt":{"rendered":"<p>Por: Staff | #NuevoLaredo #Laredo #NLD #Tamaulipas Con el objetivo de impulsar el crecimiento y la formalizaci\u00f3n de los negocios locales, la Direcci\u00f3n de Comercio, Empleo y Pymes, de la Secretar\u00eda de Desarrollo Econ\u00f3mico, realiz\u00f3 un curso especializado para emprendedores y comercios de la ciudad. La iniciativa, respaldada por la alcaldesa Carmen Lilia Canturosas, reuni\u00f3 [&hellip;]<\/p>\n","protected":false},"author":1,"featured_media":12483,"comment_status":"open","ping_status":"open","sticky":false,"template":"","format":"standard","meta":{"footnotes":""},"categories":[31],"tags":[],"class_list":{"0":"post-12482","1":"post","2":"type-post","3":"status-publish","4":"format-standard","5":"has-post-thumbnail","7":"category-nuevo-laredo"},"amp_enabled":true,"_links":{"self":[{"href":"https:\/\/luisvaltierranoticias.com\/index.php?rest_route=\/wp\/v2\/posts\/12482","targetHints":{"allow":["GET"]}}],"collection":[{"href":"https:\/\/luisvaltierranoticias.com\/index.php?rest_route=\/wp\/v2\/posts"}],"about":[{"href":"https:\/\/luisvaltierranoticias.com\/index.php?rest_route=\/wp\/v2\/types\/post"}],"author":[{"embeddable":true,"href":"https:\/\/luisvaltierranoticias.com\/index.php?rest_route=\/wp\/v2\/users\/1"}],"replies":[{"embeddable":true,"href":"https:\/\/luisvaltierranoticias.com\/index.php?rest_route=%2Fwp%2Fv2%2Fcomments&post=12482"}],"version-history":[{"count":1,"href":"https:\/\/luisvaltierranoticias.com\/index.php?rest_route=\/wp\/v2\/posts\/12482\/revisions"}],"predecessor-version":[{"id":12484,"href":"https:\/\/luisvaltierranoticias.com\/index.php?rest_route=\/wp\/v2\/posts\/12482\/revisions\/12484"}],"wp:featuredmedia":[{"embeddable":true,"href":"https:\/\/luisvaltierranoticias.com\/index.php?rest_route=\/wp\/v2\/media\/12483"}],"wp:attachment":[{"href":"https:\/\/luisvaltierranoticias.com\/index.php?rest_route=%2Fwp%2Fv2%2Fmedia&parent=12482"}],"wp:term":[{"taxonomy":"category","embeddable":true,"href":"https:\/\/luisvaltierranoticias.com\/index.php?rest_route=%2Fwp%2Fv2%2Fcategories&post=12482"},{"taxonomy":"post_tag","embeddable":true,"href":"https:\/\/luisvaltierranoticias.com\/index.php?rest_route=%2Fwp%2Fv2%2Ftags&post=12482"}],"curies":[{"name":"wp","href":"https:\/\/api.w.org\/{rel}","templated":true}]}}