{"id":12478,"date":"2025-01-31T18:40:47","date_gmt":"2025-02-01T00:40:47","guid":{"rendered":"https:\/\/luisvaltierranoticias.com\/?p=12478"},"modified":"2025-01-31T18:40:50","modified_gmt":"2025-02-01T00:40:50","slug":"gobernador-y-alcaldesa-dan-banderazo-a-nuevas-unidades-de-recoleccion-de-residuos-en-nuevo-laredo","status":"publish","type":"post","link":"https:\/\/luisvaltierranoticias.com\/?p=12478","title":{"rendered":"GOBERNADOR Y ALCALDESA DAN BANDERAZO A NUEVAS UNIDADES DE RECOLECCI\u00d3N DE RESIDUOS EN NUEVO LAREDO"},"content":{"rendered":"\n<p>Por: Staff | #NuevoLaredo #Laredo #NLD #Tamaulipas<\/p>\n\n\n\n<p>En un acto que refleja el firme compromiso del Gobierno Municipal con el cuidado del medio ambiente y la mejora de la calidad de vida de las familias de Nuevo Laredo, el Gobernador del Estado, Am\u00e9rico Villarreal Anaya, y la presidenta municipal, Carmen Lilia Canturosas Villarreal, de manera simb\u00f3lica dieron el banderazo de salida a las nuevas unidades destinadas a la recolecci\u00f3n de basura en la ciudad.<\/p>\n\n\n\n<p>Este evento se llev\u00f3 a cabo durante la entrega de una importante vialidad al sur de la ciudad, construida por el Gobierno estatal, y marca el inicio de un servicio que comenzar\u00e1 a operar a partir del 1 de febrero.<\/p>\n\n\n\n<p>El Gobernador Villarreal Anaya aprovech\u00f3 su gira por la ciudad para respaldar esta iniciativa, que refleja la colaboraci\u00f3n entre el Gobierno estatal y municipal en beneficio de la ciudadan\u00eda.<\/p>\n\n\n\n<p>\u201cEstamos trabajando de manera coordinada para garantizar que Nuevo Laredo cuente con servicios p\u00fablicos eficientes y sostenibles, que mejoren la calidad de vida de sus habitantes y protejan el medio ambiente\u201d, se\u00f1al\u00f3 el gobernador.<\/p>\n\n\n\n<p>Por su parte, la alcaldesa Canturosas Villarreal destac\u00f3 que este nuevo servicio no solo modernizar\u00e1 la recolecci\u00f3n de residuos, sino que tambi\u00e9n contribuir\u00e1 al desarrollo sostenible de la ciudad.<\/p>\n\n\n\n<p>\u201cEste servicio comprender\u00e1 la recolecci\u00f3n diferenciada de residuos dom\u00e9sticos, comerciales e industriales, la disposici\u00f3n final de residuos s\u00f3lidos urbanos y de manejo especial, as\u00ed como el barrido manual y mec\u00e1nico de la v\u00eda p\u00fablica. Con esta iniciativa, el Gobierno Municipal reafirma su compromiso con el medio ambiente, la modernizaci\u00f3n de los servicios p\u00fablicos y el bienestar de las familias de Nuevo Laredo, respondiendo as\u00ed a las necesidades de una ciudad din\u00e1mica y en constante crecimiento\u201d, afirm\u00f3.<\/p>\n\n\n\n<p>La empresa encargada de la recolecci\u00f3n de basura ser\u00e1 Grupo Tersa, una compa\u00f1\u00eda 100% mexicana de origen tamaulipeco, con amplia experiencia en la gesti\u00f3n integral de residuos s\u00f3lidos. Actualmente, Grupo Tersa gestiona m\u00e1s de 5,300 toneladas diarias de residuos en diversos estados del pa\u00eds, lo que garantiza un servicio de alta calidad y eficiencia para los habitantes de Nuevo Laredo.<\/p>\n\n\n\n<p>Este proyecto no solo representa un avance significativo en la modernizaci\u00f3n de los servicios p\u00fablicos, sino que tambi\u00e9n demuestra el compromiso del Gobierno Municipal con la ciudadan\u00eda, al trabajar de manera continua para mejorar su calidad de vida y promover un entorno m\u00e1s limpio y sostenible. Con estas acciones, Nuevo Laredo se consolida como una ciudad que avanza hacia un futuro m\u00e1s pr\u00f3spero y respetuoso con el medio ambiente.<\/p>\n\n\n\n<figure class=\"wp-block-image size-large\"><img loading=\"lazy\" decoding=\"async\" width=\"1024\" height=\"684\" src=\"https:\/\/luisvaltierranoticias.com\/wp-content\/uploads\/2025\/01\/WhatsApp-Image-2025-01-31-at-6.18.14-PM-1-1024x684.jpeg\" alt=\"\" class=\"wp-image-12480\" srcset=\"https:\/\/luisvaltierranoticias.com\/wp-content\/uploads\/2025\/01\/WhatsApp-Image-2025-01-31-at-6.18.14-PM-1-1024x684.jpeg 1024w, https:\/\/luisvaltierranoticias.com\/wp-content\/uploads\/2025\/01\/WhatsApp-Image-2025-01-31-at-6.18.14-PM-1-300x200.jpeg 300w, https:\/\/luisvaltierranoticias.com\/wp-content\/uploads\/2025\/01\/WhatsApp-Image-2025-01-31-at-6.18.14-PM-1-768x513.jpeg 768w, https:\/\/luisvaltierranoticias.com\/wp-content\/uploads\/2025\/01\/WhatsApp-Image-2025-01-31-at-6.18.14-PM-1-150x100.jpeg 150w, https:\/\/luisvaltierranoticias.com\/wp-content\/uploads\/2025\/01\/WhatsApp-Image-2025-01-31-at-6.18.14-PM-1-696x465.jpeg 696w, https:\/\/luisvaltierranoticias.com\/wp-content\/uploads\/2025\/01\/WhatsApp-Image-2025-01-31-at-6.18.14-PM-1-1068x713.jpeg 1068w, https:\/\/luisvaltierranoticias.com\/wp-content\/uploads\/2025\/01\/WhatsApp-Image-2025-01-31-at-6.18.14-PM-1.jpeg 1440w\" sizes=\"auto, (max-width: 1024px) 100vw, 1024px\" \/><\/figure>\n","protected":false},"excerpt":{"rendered":"<p>Por: Staff | #NuevoLaredo #Laredo #NLD #Tamaulipas En un acto que refleja el firme compromiso del Gobierno Municipal con el cuidado del medio ambiente y la mejora de la calidad de vida de las familias de Nuevo Laredo, el Gobernador del Estado, Am\u00e9rico Villarreal Anaya, y la presidenta municipal, Carmen Lilia Canturosas Villarreal, de manera [&hellip;]<\/p>\n","protected":false},"author":1,"featured_media":12479,"comment_status":"open","ping_status":"open","sticky":false,"template":"","format":"standard","meta":{"footnotes":""},"categories":[59,31],"tags":[],"class_list":{"0":"post-12478","1":"post","2":"type-post","3":"status-publish","4":"format-standard","5":"has-post-thumbnail","7":"category-destacado","8":"category-nuevo-laredo"},"amp_enabled":true,"_links":{"self":[{"href":"https:\/\/luisvaltierranoticias.com\/index.php?rest_route=\/wp\/v2\/posts\/12478","targetHints":{"allow":["GET"]}}],"collection":[{"href":"https:\/\/luisvaltierranoticias.com\/index.php?rest_route=\/wp\/v2\/posts"}],"about":[{"href":"https:\/\/luisvaltierranoticias.com\/index.php?rest_route=\/wp\/v2\/types\/post"}],"author":[{"embeddable":true,"href":"https:\/\/luisvaltierranoticias.com\/index.php?rest_route=\/wp\/v2\/users\/1"}],"replies":[{"embeddable":true,"href":"https:\/\/luisvaltierranoticias.com\/index.php?rest_route=%2Fwp%2Fv2%2Fcomments&post=12478"}],"version-history":[{"count":1,"href":"https:\/\/luisvaltierranoticias.com\/index.php?rest_route=\/wp\/v2\/posts\/12478\/revisions"}],"predecessor-version":[{"id":12481,"href":"https:\/\/luisvaltierranoticias.com\/index.php?rest_route=\/wp\/v2\/posts\/12478\/revisions\/12481"}],"wp:featuredmedia":[{"embeddable":true,"href":"https:\/\/luisvaltierranoticias.com\/index.php?rest_route=\/wp\/v2\/media\/12479"}],"wp:attachment":[{"href":"https:\/\/luisvaltierranoticias.com\/index.php?rest_route=%2Fwp%2Fv2%2Fmedia&parent=12478"}],"wp:term":[{"taxonomy":"category","embeddable":true,"href":"https:\/\/luisvaltierranoticias.com\/index.php?rest_route=%2Fwp%2Fv2%2Fcategories&post=12478"},{"taxonomy":"post_tag","embeddable":true,"href":"https:\/\/luisvaltierranoticias.com\/index.php?rest_route=%2Fwp%2Fv2%2Ftags&post=12478"}],"curies":[{"name":"wp","href":"https:\/\/api.w.org\/{rel}","templated":true}]}}