{"id":12475,"date":"2025-01-31T18:03:01","date_gmt":"2025-02-01T00:03:01","guid":{"rendered":"https:\/\/luisvaltierranoticias.com\/?p=12475"},"modified":"2025-01-31T18:03:02","modified_gmt":"2025-02-01T00:03:02","slug":"se-consolida-nuevo-laredo-como-epicentro-del-desarrollo-economico-en-tamaulipas-colocan-gobernador-y-alcaldesa-primera-piedra-de-planta-industrial-medline","status":"publish","type":"post","link":"https:\/\/luisvaltierranoticias.com\/?p=12475","title":{"rendered":"SE CONSOLIDA NUEVO LAREDO COMO EPICENTRO DEL DESARROLLO ECON\u00d3MICO EN TAMAULIPAS; COLOCAN GOBERNADOR Y ALCALDESA PRIMERA PIEDRA DE PLANTA INDUSTRIAL MEDLINE"},"content":{"rendered":"\n<p>Por: Staff | #NuevoLaredo #Laredo #NLD #Tamaulipas<\/p>\n\n\n\n<p>En un acto que fortalece el dinamismo econ\u00f3mico de la regi\u00f3n, este viernes se llev\u00f3 a cabo la ceremonia de colocaci\u00f3n de la primera piedra para la construcci\u00f3n de la nueva planta industrial de la empresa Medline, l\u00edder global en la fabricaci\u00f3n y distribuci\u00f3n de suministros m\u00e9dicos.<\/p>\n\n\n\n<p>El evento, encabezado por el gobernador Am\u00e9rico Villarreal Anaya y la alcaldesa Carmen Lilia Canturosas Villarreal, marca un hito en el desarrollo industrial de Nuevo Laredo, posicion\u00e1ndola como el epicentro del crecimiento econ\u00f3mico en Tamaulipas.<\/p>\n\n\n\n<p>Con una inversi\u00f3n de 250 millones de d\u00f3lares, la nueva maquiladora generar\u00e1 m\u00e1s de 3 mil empleos directos, fortaleciendo no solo la econom\u00eda local, sino tambi\u00e9n el sector m\u00e9dico-industrial del pa\u00eds.<\/p>\n\n\n\n<p>Durante su intervenci\u00f3n, el gobernador Villarreal Anaya destac\u00f3 que este proyecto es una muestra del buen momento que atraviesa Tamaulipas, gracias a las pol\u00edticas de promoci\u00f3n econ\u00f3mica y la confianza de los inversionistas.<\/p>\n\n\n\n<p>\u201cAquilato enormemente en que empresas internacionales como Medline valoran y ponderan las ventajas que tiene nuestra frontera tamaulipeca para el desarrollo del comercio y la econom\u00eda de nuestra naci\u00f3n y nuestro estado. Nuevo Laredo es un lugar estrat\u00e9gico inicialmente en la oportunidad del desarrollo y el crecimiento del municipal del estado y nivel nacional como ya vimos que es la principal puerta de entrada de nuestro comercio binacional\u201d, destac\u00f3 el Gobernador.<\/p>\n\n\n\n<p>En representaci\u00f3n del secretario de Econom\u00eda, Marcelo Ebrard, asisti\u00f3 Javier D\u00e1vila Torres, director general de Planeaci\u00f3n y Evaluaci\u00f3n y responsable del sector industria farmac\u00e9utica y equipo m\u00e9dico, quien reconoci\u00f3 el esfuerzo conjunto entre los gobiernos estatal y municipal para atraer inversiones de alto impacto como la de Medline.<\/p>\n\n\n\n<p>\u201cLa inversi\u00f3n se da en aquellos estados y municipios en los cuales se puede potenciar un polo de desarrollo como es Nuevo Laredo por muchas razones que todos conocemos, tambi\u00e9n hago un reconocimiento al gobernador por la conducci\u00f3n de este logro, esto es un ejemplo de lo que se debe hacer en nuestro pa\u00eds y en nuestra regi\u00f3n\u201d, afirm\u00f3.<\/p>\n\n\n\n<p>Por su parte, la alcaldesa Carmen Lilia Canturosas Villarreal reafirm\u00f3 el compromiso de su administraci\u00f3n para seguir impulsando un entorno favorable para la inversi\u00f3n y el desarrollo empresarial.<\/p>\n\n\n\n<p>&#8220;Reafirmamos nuestro compromiso de seguir trabajando incansablemente para crear un entorno favorable para la inversi\u00f3n y el desarrollo empresarial; hemos implementado pol\u00edticas p\u00fablicas que facilitan la llegada de nuevas empresas, que promueven la innovaci\u00f3n y la capacitaci\u00f3n, que garantizan la seguridad y la estabilidad para que los inversionistas encuentren en Nuevo Laredo el lugar ideal para crecer y prosperar\u201d, afirm\u00f3 la presidenta municipal.<\/p>\n\n\n\n<p>Destac\u00f3 que Nuevo Laredo cuenta con excelentes ventajas competitivas como la mano de obra calificada, universidades, la aduana m\u00e1s din\u00e1mica de Am\u00e9rica latina y una ubicaci\u00f3n privilegiada para la industria de exportaci\u00f3n.<\/p>\n\n\n\n<p>\u201cNuevo Laredo no es solo un destino de inversi\u00f3n atractivo, es una ciudad vibrante, llena de gente trabajadora, talentosa y comprometida; somos una comunidad que abraza la innovaci\u00f3n, que valora la educaci\u00f3n y que se enorgullece de su rica historia y cultura; con esta expansi\u00f3n, m\u00e1s all\u00e1 de la obra, estamos construyendo un futuro de oportunidades, de crecimiento y de bienestar para todos los que vivimos y trabajamos en Nuevo Laredo&#8221;, se\u00f1al\u00f3.<\/p>\n\n\n\n<p>La llegada de Medline a Nuevo Laredo no solo refuerza la importancia estrat\u00e9gica de la ciudad en el comercio internacional, sino que tambi\u00e9n consolida a Tamaulipas como un referente en la atracci\u00f3n de inversiones de clase mundial.<\/p>\n\n\n\n<p>Fundada en 1966 y con sede en Northfield, Illinois, Medline es la empresa privada m\u00e1s grande de suministros m\u00e9dicos en el mundo. Con presencia en m\u00e1s de 125 pa\u00edses, la compa\u00f1\u00eda se ha distinguido por su innovaci\u00f3n en productos y soluciones para el sector salud, abarcando desde equipos m\u00e9dicos hasta tecnolog\u00edas avanzadas para hospitales y cl\u00ednicas.<\/p>\n\n\n\n<p>Es relevante destacar que la industria manufacturera representa el 44% de la Producci\u00f3n Bruta Total de Nuevo Laredo, seg\u00fan datos de censos econ\u00f3micos del INEGI y proyecciones del ICCE de Nuevo Laredo.<\/p>\n\n\n\n<p>En la colocaci\u00f3n de esta primera piedra el Gobernador del Estado estuvo acompa\u00f1ado por la presidenta del Sistema DIF Estatal Mar\u00eda de Villarreal, Ninfa Cant\u00fa Deandar, secretaria de econom\u00eda del Gobierno del Estado, Hector Villegas, secretario de Gobierno, Olga Sosa Ruiz, senadora as\u00ed como Yogesh Wadhera, Manager General de Medline, Jaime Aguilar, vicepresidente de manufactura de Medline M\u00e9xico.<\/p>\n","protected":false},"excerpt":{"rendered":"<p>Por: Staff | #NuevoLaredo #Laredo #NLD #Tamaulipas En un acto que fortalece el dinamismo econ\u00f3mico de la regi\u00f3n, este viernes se llev\u00f3 a cabo la ceremonia de colocaci\u00f3n de la primera piedra para la construcci\u00f3n de la nueva planta industrial de la empresa Medline, l\u00edder global en la fabricaci\u00f3n y distribuci\u00f3n de suministros m\u00e9dicos. El [&hellip;]<\/p>\n","protected":false},"author":1,"featured_media":12476,"comment_status":"open","ping_status":"open","sticky":false,"template":"","format":"standard","meta":{"footnotes":""},"categories":[59,31],"tags":[],"class_list":{"0":"post-12475","1":"post","2":"type-post","3":"status-publish","4":"format-standard","5":"has-post-thumbnail","7":"category-destacado","8":"category-nuevo-laredo"},"amp_enabled":true,"_links":{"self":[{"href":"https:\/\/luisvaltierranoticias.com\/index.php?rest_route=\/wp\/v2\/posts\/12475","targetHints":{"allow":["GET"]}}],"collection":[{"href":"https:\/\/luisvaltierranoticias.com\/index.php?rest_route=\/wp\/v2\/posts"}],"about":[{"href":"https:\/\/luisvaltierranoticias.com\/index.php?rest_route=\/wp\/v2\/types\/post"}],"author":[{"embeddable":true,"href":"https:\/\/luisvaltierranoticias.com\/index.php?rest_route=\/wp\/v2\/users\/1"}],"replies":[{"embeddable":true,"href":"https:\/\/luisvaltierranoticias.com\/index.php?rest_route=%2Fwp%2Fv2%2Fcomments&post=12475"}],"version-history":[{"count":1,"href":"https:\/\/luisvaltierranoticias.com\/index.php?rest_route=\/wp\/v2\/posts\/12475\/revisions"}],"predecessor-version":[{"id":12477,"href":"https:\/\/luisvaltierranoticias.com\/index.php?rest_route=\/wp\/v2\/posts\/12475\/revisions\/12477"}],"wp:featuredmedia":[{"embeddable":true,"href":"https:\/\/luisvaltierranoticias.com\/index.php?rest_route=\/wp\/v2\/media\/12476"}],"wp:attachment":[{"href":"https:\/\/luisvaltierranoticias.com\/index.php?rest_route=%2Fwp%2Fv2%2Fmedia&parent=12475"}],"wp:term":[{"taxonomy":"category","embeddable":true,"href":"https:\/\/luisvaltierranoticias.com\/index.php?rest_route=%2Fwp%2Fv2%2Fcategories&post=12475"},{"taxonomy":"post_tag","embeddable":true,"href":"https:\/\/luisvaltierranoticias.com\/index.php?rest_route=%2Fwp%2Fv2%2Ftags&post=12475"}],"curies":[{"name":"wp","href":"https:\/\/api.w.org\/{rel}","templated":true}]}}