{"id":12468,"date":"2025-01-31T16:46:41","date_gmt":"2025-01-31T22:46:41","guid":{"rendered":"https:\/\/luisvaltierranoticias.com\/?p=12468"},"modified":"2025-01-31T16:46:45","modified_gmt":"2025-01-31T22:46:45","slug":"se-suma-tamaulipas-a-la-estrategia-de-electromovilidad-del-gobierno-federal","status":"publish","type":"post","link":"https:\/\/luisvaltierranoticias.com\/?p=12468","title":{"rendered":"Se suma Tamaulipas a la estrategia de electromovilidad del gobierno federal"},"content":{"rendered":"\n<p>-A trav\u00e9s de la SEDUMA, el Gobierno del Estado busca ser protagonista a nivel nacional para impulsar el transporte sustentable con el uso de unidades el\u00e9ctricas<\/p>\n\n\n\n<p>Por: Agencias<\/p>\n\n\n\n<p>Ciudad de M\u00e9xico.- Con el objetivo de mejorar la calidad del transporte p\u00fablico en M\u00e9xico, promover la movilidad sostenible y avanzar en la descarbonizaci\u00f3n mediante la electrificaci\u00f3n, Tamaulipas, a trav\u00e9s de la Secretar\u00eda de Desarrollo Urbano y Medio Ambiente (SEDUMA), se sum\u00f3 al trabajo que realiza el Gobierno Federal para sentar las bases de una transici\u00f3n efectiva hacia el uso de autobuses el\u00e9ctricos en el pa\u00eds.<\/p>\n\n\n\n<p>Este encuentro, organizado por la Secretar\u00eda de Medio Ambiente y Recursos Naturales (SEMARNAT), la Secretar\u00eda de Ciencia, Humanidades, Tecnolog\u00eda e Innovaci\u00f3n (SECIHTI) y el Banco Nacional de Obras y Servicios P\u00fablicos (BANOBRAS), tuvo como prop\u00f3sito conocer la demanda de unidades de transporte el\u00e9ctrico en los pr\u00f3ximos diez a\u00f1os, tanto a nivel estatal como municipal.<\/p>\n\n\n\n<p>La titular de la SEDUMA, Karina Lizeth Sald\u00edvar Lartigue, coment\u00f3 que es de interes del gobernador, Am\u00e9rico Villarreal Anaya, que Tamaulipas participe junto con la federaci\u00f3n en busca generar econom\u00edas de escala en la producci\u00f3n de autobuses el\u00e9ctricos y asegurar que este cambio sea financieramente viable para la compra o renta de las unidades, opci\u00f3n que se pudiera aplicar en el proyecto del BRT que se prepara para los municipios de Tampico, Ciudad Madero y Altamira.<\/p>\n\n\n\n<p>Explic\u00f3 que, dentro de esta reuni\u00f3n, los organizadores solicitaron a los gobiernos estatales y municipales que presenten informaci\u00f3n detallada sobre sus flotas de transporte p\u00fablico, con el fin de conocer sus caracter\u00edsticas, dimensiones y capacidad de pasajeros por ciudad. Adem\u00e1s, se requiri\u00f3 una proyecci\u00f3n de unidades de autobuses el\u00e9ctricos de 9.5 metros que se requerir\u00e1n anualmente durante la pr\u00f3xima d\u00e9cada, ya que este modelo ha sido elegido por su eficiencia en la operaci\u00f3n de rutas y su capacidad para sustituir veh\u00edculos de menor tama\u00f1o.<\/p>\n\n\n\n<p>Sald\u00edvar Lartigue subray\u00f3 que la electromovilidad es un compromiso de la presidenta de la Rep\u00fablica, Claudia Sheinbaum Pardo, aprovechando las pol\u00edticas p\u00fablicas existentes en cada entidad para impulsar el transporte sustentable.<\/p>\n\n\n\n<p>A\u00f1adi\u00f3 que esta iniciativa de homologar la informaci\u00f3n a nivel nacional y garantizar un an\u00e1lisis eficiente representa un paso firme para consolidar la movilidad sustentable en M\u00e9xico, con miras a reducir emisiones contaminantes y mejorar la calidad del servicio de transporte urbano de pasajeros.<\/p>\n","protected":false},"excerpt":{"rendered":"<p>-A trav\u00e9s de la SEDUMA, el Gobierno del Estado busca ser protagonista a nivel nacional para impulsar el transporte sustentable con el uso de unidades el\u00e9ctricas Por: Agencias Ciudad de M\u00e9xico.- Con el objetivo de mejorar la calidad del transporte p\u00fablico en M\u00e9xico, promover la movilidad sostenible y avanzar en la descarbonizaci\u00f3n mediante la electrificaci\u00f3n, [&hellip;]<\/p>\n","protected":false},"author":1,"featured_media":12469,"comment_status":"open","ping_status":"open","sticky":false,"template":"","format":"standard","meta":{"footnotes":""},"categories":[53],"tags":[],"class_list":{"0":"post-12468","1":"post","2":"type-post","3":"status-publish","4":"format-standard","5":"has-post-thumbnail","7":"category-tamaulipas"},"amp_enabled":true,"_links":{"self":[{"href":"https:\/\/luisvaltierranoticias.com\/index.php?rest_route=\/wp\/v2\/posts\/12468","targetHints":{"allow":["GET"]}}],"collection":[{"href":"https:\/\/luisvaltierranoticias.com\/index.php?rest_route=\/wp\/v2\/posts"}],"about":[{"href":"https:\/\/luisvaltierranoticias.com\/index.php?rest_route=\/wp\/v2\/types\/post"}],"author":[{"embeddable":true,"href":"https:\/\/luisvaltierranoticias.com\/index.php?rest_route=\/wp\/v2\/users\/1"}],"replies":[{"embeddable":true,"href":"https:\/\/luisvaltierranoticias.com\/index.php?rest_route=%2Fwp%2Fv2%2Fcomments&post=12468"}],"version-history":[{"count":1,"href":"https:\/\/luisvaltierranoticias.com\/index.php?rest_route=\/wp\/v2\/posts\/12468\/revisions"}],"predecessor-version":[{"id":12470,"href":"https:\/\/luisvaltierranoticias.com\/index.php?rest_route=\/wp\/v2\/posts\/12468\/revisions\/12470"}],"wp:featuredmedia":[{"embeddable":true,"href":"https:\/\/luisvaltierranoticias.com\/index.php?rest_route=\/wp\/v2\/media\/12469"}],"wp:attachment":[{"href":"https:\/\/luisvaltierranoticias.com\/index.php?rest_route=%2Fwp%2Fv2%2Fmedia&parent=12468"}],"wp:term":[{"taxonomy":"category","embeddable":true,"href":"https:\/\/luisvaltierranoticias.com\/index.php?rest_route=%2Fwp%2Fv2%2Fcategories&post=12468"},{"taxonomy":"post_tag","embeddable":true,"href":"https:\/\/luisvaltierranoticias.com\/index.php?rest_route=%2Fwp%2Fv2%2Ftags&post=12468"}],"curies":[{"name":"wp","href":"https:\/\/api.w.org\/{rel}","templated":true}]}}