{"id":12463,"date":"2025-01-31T16:34:43","date_gmt":"2025-01-31T22:34:43","guid":{"rendered":"https:\/\/luisvaltierranoticias.com\/?p=12463"},"modified":"2025-01-31T16:34:44","modified_gmt":"2025-01-31T22:34:44","slug":"estamos-avanzando-y-vamos-bien-en-seguridad-reconocen-las-y-los-alcaldes-de-la-riberena","status":"publish","type":"post","link":"https:\/\/luisvaltierranoticias.com\/?p=12463","title":{"rendered":"Estamos avanzando y vamos bien en seguridad, reconocen las y los alcaldes de La Ribere\u00f1a"},"content":{"rendered":"\n<p>Por: Agencias<\/p>\n\n\n\n<p>D\u00edaz Ordaz, Tamaulipas. &#8211; Las y los alcaldes de Miguel Alem\u00e1n, Camargo, D\u00edaz Ordaz, Mier y Ciudad Guerrero reconocieron ante el gobernador Am\u00e9rico Villarreal Anaya los avances y el trabajo que se est\u00e1 haciendo en el rengl\u00f3n de seguridad y solicitaron no bajar la guardia para recuperar la paz en esta regi\u00f3n fronteriza de Tamaulipas.<\/p>\n\n\n\n<p>&#8220;Hay una lucha y un compromiso para darle la batalla a la delincuencia, y lo vamos a hacer juntos. Nom\u00e1s no nos dejen solos&#8221;, coincidieron las y los presidentes municipales durante la Mesa de Seguridad celebrada en esta localidad.<\/p>\n\n\n\n<p>Las y los alcaldes de La Ribere\u00f1a admitieron que el problema de seguridad existe, pero los avances y los logros est\u00e1n a la vista de todos. &#8220;Se dicen muchas cosas negativas, pero nosotros, que vivimos aqu\u00ed, lo estamos valorando y reconociendo&#8221;, expresaron.<\/p>\n\n\n\n<p>&#8220;Necesitamos seguir unidos para sentirnos seguros y tener el respaldo de ustedes para garantizar la seguridad de todos los que vivimos en esta regi\u00f3n&#8221;, dijeron durante la reuni\u00f3n ante el gobernador y los representantes de las fuerzas de seguridad.<\/p>\n\n\n\n<p>El gobernador Villarreal Anaya inici\u00f3 desde el martes reuniones de seguridad en el marco de su gira por el norte de la entidad, y este viernes, en Nuevo Laredo, sostuvo la \u00faltima de su agenda de trabajo, donde dijo que Tamaulipas est\u00e1 entre los 10 estados m\u00e1s seguros del pa\u00eds y que esta regi\u00f3n fronteriza merece vivir en armon\u00eda. Adem\u00e1s, destac\u00f3 que, con la colaboraci\u00f3n y coordinaci\u00f3n de los niveles de gobierno, se puede construir la paz para todos sus habitantes.<\/p>\n\n\n\n<p>En la reuni\u00f3n participaron H\u00e9ctor Joel Villegas Gonz\u00e1lez, secretario general de Gobierno; Laura Ver\u00f3nica Pe\u00f1a Mart\u00ednez, presidenta municipal de Nueva Ciudad Guerrero; Ernestina Perales Ortiz, presidenta de Camargo; Ramiro Cort\u00e9s Barrera, alcalde de Miguel Alem\u00e1n; Adriana Hinojosa Ib\u00e1\u00f1ez, alcaldesa de Ciudad Mier, y la anfitriona, alcaldesa de D\u00edaz Ordaz, Nataly Garc\u00eda D\u00edaz.<\/p>\n","protected":false},"excerpt":{"rendered":"<p>Por: Agencias D\u00edaz Ordaz, Tamaulipas. &#8211; Las y los alcaldes de Miguel Alem\u00e1n, Camargo, D\u00edaz Ordaz, Mier y Ciudad Guerrero reconocieron ante el gobernador Am\u00e9rico Villarreal Anaya los avances y el trabajo que se est\u00e1 haciendo en el rengl\u00f3n de seguridad y solicitaron no bajar la guardia para recuperar la paz en esta regi\u00f3n fronteriza [&hellip;]<\/p>\n","protected":false},"author":1,"featured_media":12460,"comment_status":"open","ping_status":"open","sticky":false,"template":"","format":"standard","meta":{"footnotes":""},"categories":[53],"tags":[],"class_list":{"0":"post-12463","1":"post","2":"type-post","3":"status-publish","4":"format-standard","5":"has-post-thumbnail","7":"category-tamaulipas"},"amp_enabled":true,"_links":{"self":[{"href":"https:\/\/luisvaltierranoticias.com\/index.php?rest_route=\/wp\/v2\/posts\/12463","targetHints":{"allow":["GET"]}}],"collection":[{"href":"https:\/\/luisvaltierranoticias.com\/index.php?rest_route=\/wp\/v2\/posts"}],"about":[{"href":"https:\/\/luisvaltierranoticias.com\/index.php?rest_route=\/wp\/v2\/types\/post"}],"author":[{"embeddable":true,"href":"https:\/\/luisvaltierranoticias.com\/index.php?rest_route=\/wp\/v2\/users\/1"}],"replies":[{"embeddable":true,"href":"https:\/\/luisvaltierranoticias.com\/index.php?rest_route=%2Fwp%2Fv2%2Fcomments&post=12463"}],"version-history":[{"count":1,"href":"https:\/\/luisvaltierranoticias.com\/index.php?rest_route=\/wp\/v2\/posts\/12463\/revisions"}],"predecessor-version":[{"id":12464,"href":"https:\/\/luisvaltierranoticias.com\/index.php?rest_route=\/wp\/v2\/posts\/12463\/revisions\/12464"}],"wp:featuredmedia":[{"embeddable":true,"href":"https:\/\/luisvaltierranoticias.com\/index.php?rest_route=\/wp\/v2\/media\/12460"}],"wp:attachment":[{"href":"https:\/\/luisvaltierranoticias.com\/index.php?rest_route=%2Fwp%2Fv2%2Fmedia&parent=12463"}],"wp:term":[{"taxonomy":"category","embeddable":true,"href":"https:\/\/luisvaltierranoticias.com\/index.php?rest_route=%2Fwp%2Fv2%2Fcategories&post=12463"},{"taxonomy":"post_tag","embeddable":true,"href":"https:\/\/luisvaltierranoticias.com\/index.php?rest_route=%2Fwp%2Fv2%2Ftags&post=12463"}],"curies":[{"name":"wp","href":"https:\/\/api.w.org\/{rel}","templated":true}]}}