{"id":12445,"date":"2025-01-30T23:56:10","date_gmt":"2025-01-31T05:56:10","guid":{"rendered":"https:\/\/luisvaltierranoticias.com\/?p=12445"},"modified":"2025-01-30T23:56:12","modified_gmt":"2025-01-31T05:56:12","slug":"rescata-alcaldesa-carmen-lilia-canturosas-planta-tratadora-oradel-generara-impacto-positivo-ambiental-y-social","status":"publish","type":"post","link":"https:\/\/luisvaltierranoticias.com\/?p=12445","title":{"rendered":"RESCATA ALCALDESA CARMEN LILIA CANTUROSAS PLANTA TRATADORA ORADEL; GENERAR\u00c1 IMPACTO POSITIVO AMBIENTAL Y SOCIAL"},"content":{"rendered":"\n<p>Por: Staff | #NuevoLaredo #Laredo #NLD #Tamaulipas<\/p>\n\n\n\n<p>La presidenta municipal Carmen Lilia Canturosas Villarreal entreg\u00f3 la obra de rehabilitaci\u00f3n de la planta de tratamiento Oradel, que representa una mejora ecol\u00f3gica al reducir la contaminaci\u00f3n del agua que fluye al Arroyo El Coyote y al Laguito y que socialmente tiene un impacto positivo ya que los habitantes de la zona no tendr\u00e1n que convivir con los malos olores generados por el drenaje a cielo abierto.<\/p>\n\n\n\n<p>En una gira de trabajo al poniente de la ciudad, la alcaldesa destac\u00f3 que esta obra de infraestructura hidr\u00e1ulica es \u00fanica en Tamaulipas, ya que el proceso qu\u00edmico con el que sanea el agua, es utilizado en pa\u00edses como Estados Unidos, India, Arabia e Italia, as\u00ed como en otras ciudades de M\u00e9xico.<\/p>\n\n\n\n<p>La obra fue ejecutada por el Gobierno Municipal a trav\u00e9s de la Secretar\u00eda de Obras P\u00fablicas por lo que ah\u00ed mismo se firm\u00f3 el documento para otorgar la operaci\u00f3n de esta planta a la Comisi\u00f3n Municipal de Agua Potable y Alcantarillado para su operaci\u00f3n.<\/p>\n\n\n\n<p>\u201cEsta es una obra que tiene un gran sentido social y con la que refrendamos nuestro compromiso con el medio ambiente y el bienestar de las familias, rescatamos una obra que estuvo abandonada e inservible por muchos a\u00f1os, para continuar con nuestra labor de sanear el agua que regresa al R\u00edo Bravo, pero sobre todo, que los ciudadanos tengan una mejor calidad de vida con un sistema de drenaje digno\u201d, afirm\u00f3 la presidenta municipal.<\/p>\n\n\n\n<p>Esta planta se rehabilit\u00f3 debido a que la tuber\u00eda existente estaba completamente deteriorada y sin funcionamiento desde hace 15 a\u00f1os. Como resultado, todas las aguas residuales de Oradel ahora son canalizadas hacia la planta de tratamiento, donde el agua ser\u00e1 procesada antes de ser liberada al Arroyo El Coyote en condiciones limpias.<\/p>\n\n\n\n<p>La alcaldesa coment\u00f3 que los trabajos de saneamiento del agua y el mantenimiento de la infraestructura hidr\u00e1ulica, se alinean a los proyectos de la presidenta Claudia Sheinbaum y el gobernador Am\u00e9rico Villarreal, para proteger el medio ambiente.<\/p>\n\n\n\n<p>Antes de la rehabilitaci\u00f3n de esta planta, las aguas residuales eran vertidas directamente en el arroyo y en el Laguito, lo que generaba un impacto ambiental negativo.<\/p>\n\n\n\n<p>La obra tuvo una inversi\u00f3n de 44 millones 599 mil 650 pesos e incluye trazo y nivelaci\u00f3n, suministro y colocaci\u00f3n de material para terrapl\u00e9n, planta tratadora de aguas residuales, bodega, bombas, sistema de dosificaci\u00f3n, sistema el\u00e9ctrico, descarga de r\u00edos, sistema de filtraci\u00f3n, tuber\u00edas c\u00e9dula 80, suministro e instalaci\u00f3n de bombas, suministro y colocaci\u00f3n de barandal y pasillo y tanque de acero inoxidable.<\/p>\n\n\n\n<p>La planta ORADEL opera con productos qu\u00edmicos que generan reacciones en el agua y favorecen la eliminaci\u00f3n de sedimentos y contaminantes. Este tipo de proceso tiene la ventaja de que se pueda operar una Planta Tratadora en un espacio reducido en comparaci\u00f3n a otros procesos f\u00edsicos o tradicionales.<\/p>\n\n\n\n<p>Por su forma de construcci\u00f3n puede operar las 24 horas y por su conexi\u00f3n por tuber\u00edas el agua tratada puede usarse para los procedimientos propios que hace la planta tratadora.<\/p>\n\n\n\n<p>El agua tratada se vierte sin sedimentos y sin turbidez estableci\u00e9ndose y apeg\u00e1ndose a las Normas Oficiales Mexicanas (NOM) que controlan estos aspectos f\u00edsicos, qu\u00edmicos y biol\u00f3gicos del agua.<\/p>\n\n\n\n<p>El qu\u00edmico David Malacara Tovar, socio fundador de la empresa se\u00f1al\u00f3 que Nuevo Laredo es la primera ciudad de Tamaulipas en utilizar este sistema para el tratamiento de agua, ya sea para r\u00edo, re uso, drenaje y agua potable.<\/p>\n\n\n\n<p>\u201cEs un tratamiento de agua \u00fanico a nivel mundial, lo que hace es que la mezcla qu\u00edmica TDM es entrar en contacto con el agua, generar una reacci\u00f3n donde separamos todos los contaminantes de una manera r\u00e1pida y sencilla y al separar los los degradamos , los podemos separar para que todos los lodos que se generan cumplan con la norma, puedan ser supuestos de una manera sencilla y el agua la entregamos conforme a norma para r\u00edo, drenaje y agua potable\u201d, destac\u00f3 el especialista.<\/p>\n\n\n\n<p>La Norma Oficial Mexicana (NOM) NOM-001-SEMARNAT-2021 establece los l\u00edmites de contaminantes en las descargas de aguas residuales en cuerpos receptores y tiene como objetivo proteger y mejorar la calidad de las aguas y bienes nacionales.<\/p>\n\n\n\n<p>Ademas la NOM-002-ECOL-1996 establece los l\u00edmites de pH, temperatura y materia flotante en las descargas de aguas residuales.<\/p>\n\n\n\n<figure class=\"wp-block-image size-large\"><img loading=\"lazy\" decoding=\"async\" width=\"1024\" height=\"684\" src=\"https:\/\/luisvaltierranoticias.com\/wp-content\/uploads\/2025\/01\/WhatsApp-Image-2025-01-30-at-7.18.05-PM-1024x684.jpeg\" alt=\"\" class=\"wp-image-12447\" srcset=\"https:\/\/luisvaltierranoticias.com\/wp-content\/uploads\/2025\/01\/WhatsApp-Image-2025-01-30-at-7.18.05-PM-1024x684.jpeg 1024w, https:\/\/luisvaltierranoticias.com\/wp-content\/uploads\/2025\/01\/WhatsApp-Image-2025-01-30-at-7.18.05-PM-300x200.jpeg 300w, https:\/\/luisvaltierranoticias.com\/wp-content\/uploads\/2025\/01\/WhatsApp-Image-2025-01-30-at-7.18.05-PM-768x513.jpeg 768w, https:\/\/luisvaltierranoticias.com\/wp-content\/uploads\/2025\/01\/WhatsApp-Image-2025-01-30-at-7.18.05-PM-1536x1026.jpeg 1536w, https:\/\/luisvaltierranoticias.com\/wp-content\/uploads\/2025\/01\/WhatsApp-Image-2025-01-30-at-7.18.05-PM-150x100.jpeg 150w, https:\/\/luisvaltierranoticias.com\/wp-content\/uploads\/2025\/01\/WhatsApp-Image-2025-01-30-at-7.18.05-PM-696x465.jpeg 696w, https:\/\/luisvaltierranoticias.com\/wp-content\/uploads\/2025\/01\/WhatsApp-Image-2025-01-30-at-7.18.05-PM-1068x714.jpeg 1068w, https:\/\/luisvaltierranoticias.com\/wp-content\/uploads\/2025\/01\/WhatsApp-Image-2025-01-30-at-7.18.05-PM.jpeg 1600w\" sizes=\"auto, (max-width: 1024px) 100vw, 1024px\" \/><\/figure>\n","protected":false},"excerpt":{"rendered":"<p>Por: Staff | #NuevoLaredo #Laredo #NLD #Tamaulipas La presidenta municipal Carmen Lilia Canturosas Villarreal entreg\u00f3 la obra de rehabilitaci\u00f3n de la planta de tratamiento Oradel, que representa una mejora ecol\u00f3gica al reducir la contaminaci\u00f3n del agua que fluye al Arroyo El Coyote y al Laguito y que socialmente tiene un impacto positivo ya que los [&hellip;]<\/p>\n","protected":false},"author":1,"featured_media":12446,"comment_status":"open","ping_status":"open","sticky":false,"template":"","format":"standard","meta":{"footnotes":""},"categories":[59,31],"tags":[],"class_list":{"0":"post-12445","1":"post","2":"type-post","3":"status-publish","4":"format-standard","5":"has-post-thumbnail","7":"category-destacado","8":"category-nuevo-laredo"},"amp_enabled":true,"_links":{"self":[{"href":"https:\/\/luisvaltierranoticias.com\/index.php?rest_route=\/wp\/v2\/posts\/12445","targetHints":{"allow":["GET"]}}],"collection":[{"href":"https:\/\/luisvaltierranoticias.com\/index.php?rest_route=\/wp\/v2\/posts"}],"about":[{"href":"https:\/\/luisvaltierranoticias.com\/index.php?rest_route=\/wp\/v2\/types\/post"}],"author":[{"embeddable":true,"href":"https:\/\/luisvaltierranoticias.com\/index.php?rest_route=\/wp\/v2\/users\/1"}],"replies":[{"embeddable":true,"href":"https:\/\/luisvaltierranoticias.com\/index.php?rest_route=%2Fwp%2Fv2%2Fcomments&post=12445"}],"version-history":[{"count":1,"href":"https:\/\/luisvaltierranoticias.com\/index.php?rest_route=\/wp\/v2\/posts\/12445\/revisions"}],"predecessor-version":[{"id":12448,"href":"https:\/\/luisvaltierranoticias.com\/index.php?rest_route=\/wp\/v2\/posts\/12445\/revisions\/12448"}],"wp:featuredmedia":[{"embeddable":true,"href":"https:\/\/luisvaltierranoticias.com\/index.php?rest_route=\/wp\/v2\/media\/12446"}],"wp:attachment":[{"href":"https:\/\/luisvaltierranoticias.com\/index.php?rest_route=%2Fwp%2Fv2%2Fmedia&parent=12445"}],"wp:term":[{"taxonomy":"category","embeddable":true,"href":"https:\/\/luisvaltierranoticias.com\/index.php?rest_route=%2Fwp%2Fv2%2Fcategories&post=12445"},{"taxonomy":"post_tag","embeddable":true,"href":"https:\/\/luisvaltierranoticias.com\/index.php?rest_route=%2Fwp%2Fv2%2Ftags&post=12445"}],"curies":[{"name":"wp","href":"https:\/\/api.w.org\/{rel}","templated":true}]}}