{"id":12422,"date":"2025-01-30T15:03:48","date_gmt":"2025-01-30T21:03:48","guid":{"rendered":"https:\/\/luisvaltierranoticias.com\/?p=12422"},"modified":"2025-01-30T15:03:50","modified_gmt":"2025-01-30T21:03:50","slug":"este-viernes-ultimo-dia-de-inscripcion-en-la-escuela-de-musica-dif","status":"publish","type":"post","link":"https:\/\/luisvaltierranoticias.com\/?p=12422","title":{"rendered":"ESTE VIERNES \u00daLTIMO D\u00cdA DE INSCRIPCI\u00d3N EN LA ESCUELA DE M\u00daSICA DIF"},"content":{"rendered":"\n<p>Por: Staff | #NuevoLaredo #Laredo #NLD #Tamaulipas<\/p>\n\n\n\n<p>El Sistema DIF Nuevo Laredo hace una llamado a la comunidad para que aprovechen el \u00faltimo d\u00eda para inscribirse en la Escuela de M\u00fasica DIF, para el ciclo enero-junio 2025 que ser\u00e1 este viernes 31 de enero.<\/p>\n\n\n\n<p>Las clases iniciaron el 20 de enero, por lo que esta es la \u00faltima oportunidad para integrarse a los grupos y aprender a tocar diversos instrumentos, como viol\u00edn, teclado, guitarra, ukelele, bater\u00eda, flauta, clarinete, saxof\u00f3n, trompeta, bugle, corno, bar\u00edtono, tromb\u00f3n y tuba. Adem\u00e1s, se imparten clases de canto y coro.<\/p>\n\n\n\n<p>Cabe destacar que este curso es completamente gratuito y que la Escuela de M\u00fasica DIF es una instituci\u00f3n \u00fanica en Tamaulipas, consolid\u00e1ndose como un espacio de formaci\u00f3n art\u00edstica y cultural. Asimismo, ofrece oportunidades de aprendizaje para personas con discapacidad que deseen tocar alg\u00fan instrumento musical.<\/p>\n\n\n\n<p>Las personas interesadas deben acudir a las instalaciones de la Escuela de M\u00fasica DIF, ubicada en Eva S\u00e1mano 1511, colonia La Fe, en horario de lunes a viernes de 9:30 a.m. a 2:00 p.m. y de 3:00 p.m. a 6:00 p.m.<\/p>\n\n\n\n<p>Para el proceso de inscripci\u00f3n, es necesario presentar los siguientes documentos: copia del acta de nacimiento, CURP, comprobante de domicilio, credencial de elector del padre, madre o tutor en caso de menores de edad, dos fotograf\u00edas tama\u00f1o infantil y contar con instrumento propio.<\/p>\n\n\n\n<p>La edad m\u00ednima para participar var\u00eda seg\u00fan la materia, siendo de 7 a\u00f1os el requisito general en la mayor\u00eda de los cursos.<\/p>\n\n\n\n<p>Para m\u00e1s informaci\u00f3n, los interesados pueden acudir directamente a la Escuela de M\u00fasica DIF o comunicarse a las oficinas del Sistema DIF Nuevo Laredo.<\/p>\n","protected":false},"excerpt":{"rendered":"<p>Por: Staff | #NuevoLaredo #Laredo #NLD #Tamaulipas El Sistema DIF Nuevo Laredo hace una llamado a la comunidad para que aprovechen el \u00faltimo d\u00eda para inscribirse en la Escuela de M\u00fasica DIF, para el ciclo enero-junio 2025 que ser\u00e1 este viernes 31 de enero. Las clases iniciaron el 20 de enero, por lo que esta [&hellip;]<\/p>\n","protected":false},"author":1,"featured_media":12423,"comment_status":"open","ping_status":"open","sticky":false,"template":"","format":"standard","meta":{"footnotes":""},"categories":[31],"tags":[],"class_list":{"0":"post-12422","1":"post","2":"type-post","3":"status-publish","4":"format-standard","5":"has-post-thumbnail","7":"category-nuevo-laredo"},"amp_enabled":true,"_links":{"self":[{"href":"https:\/\/luisvaltierranoticias.com\/index.php?rest_route=\/wp\/v2\/posts\/12422","targetHints":{"allow":["GET"]}}],"collection":[{"href":"https:\/\/luisvaltierranoticias.com\/index.php?rest_route=\/wp\/v2\/posts"}],"about":[{"href":"https:\/\/luisvaltierranoticias.com\/index.php?rest_route=\/wp\/v2\/types\/post"}],"author":[{"embeddable":true,"href":"https:\/\/luisvaltierranoticias.com\/index.php?rest_route=\/wp\/v2\/users\/1"}],"replies":[{"embeddable":true,"href":"https:\/\/luisvaltierranoticias.com\/index.php?rest_route=%2Fwp%2Fv2%2Fcomments&post=12422"}],"version-history":[{"count":1,"href":"https:\/\/luisvaltierranoticias.com\/index.php?rest_route=\/wp\/v2\/posts\/12422\/revisions"}],"predecessor-version":[{"id":12424,"href":"https:\/\/luisvaltierranoticias.com\/index.php?rest_route=\/wp\/v2\/posts\/12422\/revisions\/12424"}],"wp:featuredmedia":[{"embeddable":true,"href":"https:\/\/luisvaltierranoticias.com\/index.php?rest_route=\/wp\/v2\/media\/12423"}],"wp:attachment":[{"href":"https:\/\/luisvaltierranoticias.com\/index.php?rest_route=%2Fwp%2Fv2%2Fmedia&parent=12422"}],"wp:term":[{"taxonomy":"category","embeddable":true,"href":"https:\/\/luisvaltierranoticias.com\/index.php?rest_route=%2Fwp%2Fv2%2Fcategories&post=12422"},{"taxonomy":"post_tag","embeddable":true,"href":"https:\/\/luisvaltierranoticias.com\/index.php?rest_route=%2Fwp%2Fv2%2Ftags&post=12422"}],"curies":[{"name":"wp","href":"https:\/\/api.w.org\/{rel}","templated":true}]}}