{"id":11983,"date":"2025-01-17T17:40:37","date_gmt":"2025-01-17T23:40:37","guid":{"rendered":"https:\/\/luisvaltierranoticias.com\/?p=11983"},"modified":"2025-01-17T17:40:39","modified_gmt":"2025-01-17T23:40:39","slug":"presenta-alcaldesa-carmen-lilia-canturosas-proyecto-de-transformacion-de-la-plaza-de-la-mujer-y-peninsula-el-laguito","status":"publish","type":"post","link":"https:\/\/luisvaltierranoticias.com\/?p=11983","title":{"rendered":"PRESENTA ALCALDESA CARMEN LILIA CANTUROSAS PROYECTO DE TRANSFORMACI\u00d3N DE LA PLAZA DE LA MUJER Y PEN\u00cdNSULA EL LAGUITO."},"content":{"rendered":"\n<p>Por: Staff | #NuevoLaredo #Laredo #NLD #Tamaulipas<\/p>\n\n\n\n<p>En sincron\u00eda con las iniciativas humanistas de la presidenta Claudia Sheinbaum Pardo, la alcaldesa de Nuevo Laredo, Carmen Lilia Canturosas present\u00f3 en una conferencia de prensa el proyecto de Renovaci\u00f3n de Espacios P\u00fablicos, con el que se transformar\u00e1n dos parques en lugares de paz.<\/p>\n\n\n\n<p>Se trata de la remodelaci\u00f3n de la Plaza de la Mujer y la construcci\u00f3n de un puente peatonal en la Pen\u00ednsula El Laguito, obras que tienen como objetivo fomentar la convivencia familiar y mejorar la imagen urbana.<\/p>\n\n\n\n<p>La presidenta municipal destac\u00f3 que estas acciones no solo mejoran la infraestructura urbana, sino que tambi\u00e9n fortalecen el tejido social al brindar espacios mejor acondicionados para disfrutar en armon\u00eda.<\/p>\n\n\n\n<p>\u201cSeguimos trabajando por nuestra ciudad, d\u00e1ndoles senderos de paz, espacios bonitos a nuestra familias de Nuevo Laredo, que tanto lo merecen que tanto lo han esperado y que as\u00ed como ustedes han sido testigos de la transformaci\u00f3n, tan importante que le hemos dado no nada m\u00e1s a este, sino muchos parques y espacios p\u00fablicos, espacios recreativos para nuestras familias, qu\u00e9 es lo m\u00e1s importante, el momento trascendental de desarrollo hoy m\u00e1s que nunca nos estamos consolidando como una ciudad de progreso de prosperidad y social\u201d, asegur\u00f3 la alcaldesa.<\/p>\n\n\n\n<p>El secretario de Obras P\u00fablicas, Carlos De Anda Hern\u00e1ndez detall\u00f3 que la rehabilitaci\u00f3n de la Plaza de la Mujer tendr\u00e1 una inversi\u00f3n de 13 millones 975 mil 375 pesos, donde trabajar\u00e1n sobre una superficie de 4 mil 79 metros cuadrados.<\/p>\n\n\n\n<p>Dichos trabajos consisten en la remodelaci\u00f3n de la explanada principal, invirtiendo los niveles para tener una mejor visibilidad del resto de la plaza, adem\u00e1s se incorpora una fuente interactiva, la cual se sincronizar\u00e1 con m\u00fasica y luz para eventos y show nocturno, mientras que por el d\u00eda podr\u00e1 funcionar como \u00e1rea acu\u00e1tica al controlar la velocidad y potencia de los jets de agua.<\/p>\n\n\n\n<p>As\u00ed mismo trabajar\u00e1n en remociones, rehabilitaci\u00f3n de m\u00f3dulo de sanitarios, rehabilitaci\u00f3n de kiosco, remoci\u00f3n de carpeta asf\u00e1ltica, se\u00f1alamiento vertical, rehabilitaci\u00f3n de cancha, juegos infantiles, kiosko, \u00e1reas verdes, ba\u00f1o p\u00fablicos, cancha de basquetbol, banquetas peatonales, bancas, la creaci\u00f3n de un espacio para venta de snacks y souvenirs.<\/p>\n\n\n\n<p>Otra de las obras anunciadas por la presidenta municipal Carmen Lilia es la construcci\u00f3n de un puente peatonal en la Pen\u00ednsula El Laguito para conectar ambas partes y mejorar el acceso del \u00e1rea acu\u00e1tica al embarcadero.<\/p>\n\n\n\n<p>\u201cNuestro compromiso es continuar transformando a nuestra ciudad, es cada vez m\u00e1s fuerte y m\u00e1s firme, y con este proyecto de renovaci\u00f3n de espacios es una peque\u00f1a muestra de los proyectos que el gobierno municipal tiene contemplados para mejorar la calidad de vida de nuestros ciudadanos. Nuestra ciudad est\u00e1 en un gran nivel, podemos lograr que los ojos del mundo sigan puestos en Nuevo Laredo, en esta tierra de oportunidades\u201d, dijo Carmen Lilia.<\/p>\n\n\n\n<p>El puente tendr\u00e1 una longitud de 103 metros lineales con un ancho de 4 metros, tendr\u00e1 4 miradores y una altura m\u00e1xima del puente entre el espejo del agua de entre 4.5 y 4.8 mts, adem\u00e1s estar\u00e1 cimentado en el \u00e1rea del agua con pilotes tubular de 14 pulgadas con concreto armado, as\u00ed mismo contar\u00e1 con barandal en todo su per\u00edmetro y estar\u00e1 cimentado con zapatas en los extremos del puente, contar\u00e1 con iluminaci\u00f3n y cubierta totalmente de madera tratada.<\/p>\n\n\n\n<p>La inversi\u00f3n ser\u00e1 de 24 millones 655 mil 779 pesos, con la construcci\u00f3n de este puente se ver\u00eda cristalizado el trabajo de la administraci\u00f3n municipal y de la presidenta Carmen Lilia del proyecto de rescate de dicho lugar.<\/p>\n\n\n\n<p>Cabe destacar que en febrero del 2024, se realiz\u00f3 la entrega de obra de la rehabilitaci\u00f3n del Parque Recreativo Pen\u00ednsula el Laguito, con una inversi\u00f3n de $20 millones 257 mil pesos donde se incluy\u00f3 la rehabilitaci\u00f3n de palapas, la instalaci\u00f3n de pasto sint\u00e9tico en cancha, juegos infantiles, cancha de basquetbol, cancha de tochito bandera con pasto sint\u00e9tico, pies mojados triples y \u00e1reas acu\u00e1ticas.<\/p>\n\n\n\n<figure class=\"wp-block-image size-large\"><img loading=\"lazy\" decoding=\"async\" width=\"1024\" height=\"684\" src=\"https:\/\/luisvaltierranoticias.com\/wp-content\/uploads\/2025\/01\/WhatsApp-Image-2025-01-17-at-4.57.35-PM-1-1024x684.jpeg\" alt=\"\" class=\"wp-image-11985\" srcset=\"https:\/\/luisvaltierranoticias.com\/wp-content\/uploads\/2025\/01\/WhatsApp-Image-2025-01-17-at-4.57.35-PM-1-1024x684.jpeg 1024w, https:\/\/luisvaltierranoticias.com\/wp-content\/uploads\/2025\/01\/WhatsApp-Image-2025-01-17-at-4.57.35-PM-1-300x200.jpeg 300w, https:\/\/luisvaltierranoticias.com\/wp-content\/uploads\/2025\/01\/WhatsApp-Image-2025-01-17-at-4.57.35-PM-1-768x513.jpeg 768w, https:\/\/luisvaltierranoticias.com\/wp-content\/uploads\/2025\/01\/WhatsApp-Image-2025-01-17-at-4.57.35-PM-1-1536x1026.jpeg 1536w, https:\/\/luisvaltierranoticias.com\/wp-content\/uploads\/2025\/01\/WhatsApp-Image-2025-01-17-at-4.57.35-PM-1-150x100.jpeg 150w, https:\/\/luisvaltierranoticias.com\/wp-content\/uploads\/2025\/01\/WhatsApp-Image-2025-01-17-at-4.57.35-PM-1-696x465.jpeg 696w, https:\/\/luisvaltierranoticias.com\/wp-content\/uploads\/2025\/01\/WhatsApp-Image-2025-01-17-at-4.57.35-PM-1-1068x714.jpeg 1068w, https:\/\/luisvaltierranoticias.com\/wp-content\/uploads\/2025\/01\/WhatsApp-Image-2025-01-17-at-4.57.35-PM-1.jpeg 1600w\" sizes=\"auto, (max-width: 1024px) 100vw, 1024px\" \/><\/figure>\n","protected":false},"excerpt":{"rendered":"<p>Por: Staff | #NuevoLaredo #Laredo #NLD #Tamaulipas En sincron\u00eda con las iniciativas humanistas de la presidenta Claudia Sheinbaum Pardo, la alcaldesa de Nuevo Laredo, Carmen Lilia Canturosas present\u00f3 en una conferencia de prensa el proyecto de Renovaci\u00f3n de Espacios P\u00fablicos, con el que se transformar\u00e1n dos parques en lugares de paz. Se trata de la [&hellip;]<\/p>\n","protected":false},"author":1,"featured_media":11984,"comment_status":"open","ping_status":"open","sticky":false,"template":"","format":"standard","meta":{"footnotes":""},"categories":[59,31],"tags":[],"class_list":{"0":"post-11983","1":"post","2":"type-post","3":"status-publish","4":"format-standard","5":"has-post-thumbnail","7":"category-destacado","8":"category-nuevo-laredo"},"amp_enabled":true,"_links":{"self":[{"href":"https:\/\/luisvaltierranoticias.com\/index.php?rest_route=\/wp\/v2\/posts\/11983","targetHints":{"allow":["GET"]}}],"collection":[{"href":"https:\/\/luisvaltierranoticias.com\/index.php?rest_route=\/wp\/v2\/posts"}],"about":[{"href":"https:\/\/luisvaltierranoticias.com\/index.php?rest_route=\/wp\/v2\/types\/post"}],"author":[{"embeddable":true,"href":"https:\/\/luisvaltierranoticias.com\/index.php?rest_route=\/wp\/v2\/users\/1"}],"replies":[{"embeddable":true,"href":"https:\/\/luisvaltierranoticias.com\/index.php?rest_route=%2Fwp%2Fv2%2Fcomments&post=11983"}],"version-history":[{"count":1,"href":"https:\/\/luisvaltierranoticias.com\/index.php?rest_route=\/wp\/v2\/posts\/11983\/revisions"}],"predecessor-version":[{"id":11986,"href":"https:\/\/luisvaltierranoticias.com\/index.php?rest_route=\/wp\/v2\/posts\/11983\/revisions\/11986"}],"wp:featuredmedia":[{"embeddable":true,"href":"https:\/\/luisvaltierranoticias.com\/index.php?rest_route=\/wp\/v2\/media\/11984"}],"wp:attachment":[{"href":"https:\/\/luisvaltierranoticias.com\/index.php?rest_route=%2Fwp%2Fv2%2Fmedia&parent=11983"}],"wp:term":[{"taxonomy":"category","embeddable":true,"href":"https:\/\/luisvaltierranoticias.com\/index.php?rest_route=%2Fwp%2Fv2%2Fcategories&post=11983"},{"taxonomy":"post_tag","embeddable":true,"href":"https:\/\/luisvaltierranoticias.com\/index.php?rest_route=%2Fwp%2Fv2%2Ftags&post=11983"}],"curies":[{"name":"wp","href":"https:\/\/api.w.org\/{rel}","templated":true}]}}