{"id":1084,"date":"2023-09-04T15:12:24","date_gmt":"2023-09-04T20:12:24","guid":{"rendered":"https:\/\/luisvaltierranoticias.com\/?p=1084"},"modified":"2023-09-04T15:12:25","modified_gmt":"2023-09-04T20:12:25","slug":"copa-tamaulipas-internacional-cerro-con-broche-de-oro-tigres-y-chivas-campeones","status":"publish","type":"post","link":"https:\/\/luisvaltierranoticias.com\/?p=1084","title":{"rendered":"\u201cCopa Tamaulipas Internacional\u201d cerr\u00f3 con broche de oro; Tigres y Chivas campeones"},"content":{"rendered":"\n<p>Por: Agencias <\/p>\n\n\n\n<p>Ciudad Victoria, Tamaulipas. &#8211; Despu\u00e9s de seis d\u00edas de intensa actividad y una gran respuesta de los aficionados concluy\u00f3 la \u201cCopa Tamaulipas Internacional 2023\u201d , magno deportivo organizado con el apoyo del gobernador Am\u00e9rico Villarreal Anaya y en el cual los equipos Chivas y Tigres UANL conquistaron el campeonato, en las categor\u00edas sub-13 y sub-15, respectivamente.<\/p>\n\n\n\n<p>Los dos partidos de la gran final, se jugaron en el estadio \u2018Marte R. G\u00f3mez\u2019, ante una gran cantidad de aficionados, quienes en todo momento apoyaron a sus respectivos equipos y a la vez reconocieron el nivel deportivo y la extraordinaria organizaci\u00f3n por parte del Gobierno de Tamaulipas, a trav\u00e9s del Instituto del Deporte.<\/p>\n\n\n\n<p>En la final sub-13 se vivi\u00f3 un duelo muy parejo entre Chivas y Tamaulipas \u2018B\u2019 (Tampico), el cual al termin\u00f3 empatado sin goles, por lo que fue necesario definir al campe\u00f3n en la tanda de penales, favoreciendo el triunfo al equipo de Guadalajara.<\/p>\n\n\n\n<p>Por su parte, en la categor\u00eda sub-15, Tigres fue superior y acab\u00f3 con el triunfo por marcador de 3-1 ante Santos Laguna, en un duelo que cont\u00f3 con la participaci\u00f3n estelar de Francisco Chac\u00f3n, \u00e1rbitro ex profesional del f\u00fatbol mexicano.<\/p>\n\n\n\n<p>Al t\u00e9rmino de las dos finales, Jaime Cuesta, director de Desarrollo del Deporte a nombre del director general del INDE, Manuel Raga Navarro, entreg\u00f3 las medallas y los trofeos a los campeones y subcampeones del certamen. Adem\u00e1s, se premi\u00f3 a los campeones de goleo: Alex Norato de Copa UAT Naranja en sub-13 y Lucca Vuoso, en la categor\u00eda sub-15.<\/p>\n","protected":false},"excerpt":{"rendered":"<p>Por: Agencias Ciudad Victoria, Tamaulipas. &#8211; Despu\u00e9s de seis d\u00edas de intensa actividad y una gran respuesta de los aficionados concluy\u00f3 la \u201cCopa Tamaulipas Internacional 2023\u201d , magno deportivo organizado con el apoyo del gobernador Am\u00e9rico Villarreal Anaya y en el cual los equipos Chivas y Tigres UANL conquistaron el campeonato, en las categor\u00edas sub-13 [&hellip;]<\/p>\n","protected":false},"author":1,"featured_media":1085,"comment_status":"open","ping_status":"open","sticky":false,"template":"","format":"standard","meta":{"footnotes":""},"categories":[1],"tags":[],"class_list":{"0":"post-1084","1":"post","2":"type-post","3":"status-publish","4":"format-standard","5":"has-post-thumbnail","7":"category-sin-categoria"},"amp_enabled":true,"_links":{"self":[{"href":"https:\/\/luisvaltierranoticias.com\/index.php?rest_route=\/wp\/v2\/posts\/1084","targetHints":{"allow":["GET"]}}],"collection":[{"href":"https:\/\/luisvaltierranoticias.com\/index.php?rest_route=\/wp\/v2\/posts"}],"about":[{"href":"https:\/\/luisvaltierranoticias.com\/index.php?rest_route=\/wp\/v2\/types\/post"}],"author":[{"embeddable":true,"href":"https:\/\/luisvaltierranoticias.com\/index.php?rest_route=\/wp\/v2\/users\/1"}],"replies":[{"embeddable":true,"href":"https:\/\/luisvaltierranoticias.com\/index.php?rest_route=%2Fwp%2Fv2%2Fcomments&post=1084"}],"version-history":[{"count":1,"href":"https:\/\/luisvaltierranoticias.com\/index.php?rest_route=\/wp\/v2\/posts\/1084\/revisions"}],"predecessor-version":[{"id":1086,"href":"https:\/\/luisvaltierranoticias.com\/index.php?rest_route=\/wp\/v2\/posts\/1084\/revisions\/1086"}],"wp:featuredmedia":[{"embeddable":true,"href":"https:\/\/luisvaltierranoticias.com\/index.php?rest_route=\/wp\/v2\/media\/1085"}],"wp:attachment":[{"href":"https:\/\/luisvaltierranoticias.com\/index.php?rest_route=%2Fwp%2Fv2%2Fmedia&parent=1084"}],"wp:term":[{"taxonomy":"category","embeddable":true,"href":"https:\/\/luisvaltierranoticias.com\/index.php?rest_route=%2Fwp%2Fv2%2Fcategories&post=1084"},{"taxonomy":"post_tag","embeddable":true,"href":"https:\/\/luisvaltierranoticias.com\/index.php?rest_route=%2Fwp%2Fv2%2Ftags&post=1084"}],"curies":[{"name":"wp","href":"https:\/\/api.w.org\/{rel}","templated":true}]}}