{"id":1081,"date":"2023-09-04T14:23:02","date_gmt":"2023-09-04T19:23:02","guid":{"rendered":"https:\/\/luisvaltierranoticias.com\/?p=1081"},"modified":"2023-09-04T14:23:03","modified_gmt":"2023-09-04T19:23:03","slug":"martha-olivia-lopez-presenta-denuncias-contra-el-fiscal-de-tamaulipas-y-el-exgobernador-cabeza","status":"publish","type":"post","link":"https:\/\/luisvaltierranoticias.com\/?p=1081","title":{"rendered":"Martha Olivia L\u00f3pez presenta denuncias contra el fiscal de Tamaulipas y el exgobernador Cabeza"},"content":{"rendered":"\n<p>-Martha Olivia L\u00f3pez presenta denuncias contra el fiscal de Tamaulipas y el exgobernador Cabeza.<\/p>\n\n\n\n<p>Por: En Un 2&#215;3 | #CiudadVictoria #Tamaulipas<\/p>\n\n\n\n<p>La periodista Martha Olivia L\u00f3pez Medell\u00edn, directora de En Un 2\u00d73, present\u00f3 denuncias contra el exgobernador de Tamaulipas Francisco Garcia Cabeza de Vaca; contra el fiscal general de Justicia tamaulipeco, Irving Barrios Mojica; y contra el titular de Comunicaci\u00f3n Social de dicha dependencia, Rodrigo Iv\u00e1n Moyle.<\/p>\n\n\n\n<p>En conferencia de prensa este lunes, L\u00f3pez dijo que la denuncia contra Barrios y Moyle qued\u00f3 radicada con el folio 101766\/2023 ante la Comisi\u00f3n Nacional de los Derechos Humanos (CNDH) por acoso y hostigamiento contra En Un 2\u00d73 y uno de sus colaboradores.<\/p>\n\n\n\n<p>Esto a ra\u00edz de la publicaci\u00f3n de informaci\u00f3n y denuncias que se han realizado contra el fiscal y sus principales colaboradores, como el vicefiscal Natanael Castel\u00e1n Iturr\u00eda y el comisario general de Investigaci\u00f3n, Olegario Contreras Mac\u00edas.<\/p>\n\n\n\n<p>\u201cEl vocero de la Fiscal\u00eda solicit\u00f3 a la cadena CNN en la Ciudad de M\u00e9xico que se sancionar\u00e1 a mi co-conductor del noticiero \u2018En Corto\u2019 por sus comentarios a pesar de que en dicha empresa no participaba en ning\u00fan noticiero. El enlace de esa presi\u00f3n fue Fidel Guti\u00e9rrez, jefe de informaci\u00f3n en CNN\u201d, dijo la periodista.<\/p>\n\n\n\n<p>Agreg\u00f3 que las publicaciones y comentarios ten\u00edan su firma, \u201csin embargo el objetivo era da\u00f1ar la reputaci\u00f3n y la labor de mi co-conductor, as\u00ed como impedir comentarios negativos en mi plataforma y en los programas en los que participo\u201d.<\/p>\n\n\n\n<p>Dijo que acudi\u00f3 a la CNDH porque es la instancia que investiga y sanciona las violaciones a derechos humanos y de libertad de expresi\u00f3n de los funcionarios p\u00fablicos.<\/p>\n\n\n\n<p>Tambi\u00e9n \u201cpor la poca confianza que tenemos en la Comisi\u00f3n Estatal de Derechos Humanos, porque la titular se ha distingue por cuidar intereses pol\u00edticos del PAN, m\u00e1s que de los ciudadanos\u201d.<\/p>\n\n\n\n<p>L\u00f3pez inform\u00f3 que la misma denuncia la replic\u00f3 en la Fiscal\u00eda Especial para la Atenci\u00f3n de Delitos cometidos contra de la Libertad de Expresi\u00f3n (FEADLE) de la Fiscal\u00eda General de la Rep\u00fablica (FGR), que es la instancia encargada de perseguir delitos contra la libertad de expresi\u00f3n.<\/p>\n\n\n\n<p>Denuncia contra Cabeza de Vaca<\/p>\n\n\n\n<p>La periodista tamaulipeca afirm\u00f3 que tambi\u00e9n acudi\u00f3 a la FEADLE para denunciar el acoso y amenazas judiciales del exgobernador Cabeza de Vaca, luego de la publicaci\u00f3n de una nota informativa el viernes 25 de agosto.<\/p>\n\n\n\n<p>En la nota se hizo referencia de que se hab\u00eda encontrado un campo de exterminio en el ejido La Retama, en Reynosa, Tamaulipas. El lugar, seg\u00fan la Unidad de Inteligencia Financiera (UIF) habr\u00eda sido comprado casi en su totalidad por una empresa fachada del exmandatario.<\/p>\n\n\n\n<p>La denuncia fue presentada el 29 de agosto del presente a\u00f1o ante el Agente del Ministerio P\u00fablico de la Federaci\u00f3n Titular de la C\u00e9lula II-4 de la Fiscal\u00eda Especial para la Atenci\u00f3n de Delitos Cometidos contra la Libertad de Expresi\u00f3n.<\/p>\n\n\n\n<p>\u201cHago responsable de lo que me pueda suceder a mi, a mi familia y equipo de trabajo al fiscal general de Justicia, Irving Barrios Mojica, y a los funcionarios citados. Adem\u00e1s al exgobernador Francisco Garc\u00eda Cabeza de Vaca por los mismos hechos intimidatorios\u201d, concluy\u00f3 L\u00f3pez.<\/p>\n","protected":false},"excerpt":{"rendered":"<p>-Martha Olivia L\u00f3pez presenta denuncias contra el fiscal de Tamaulipas y el exgobernador Cabeza. Por: En Un 2&#215;3 | #CiudadVictoria #Tamaulipas La periodista Martha Olivia L\u00f3pez Medell\u00edn, directora de En Un 2\u00d73, present\u00f3 denuncias contra el exgobernador de Tamaulipas Francisco Garcia Cabeza de Vaca; contra el fiscal general de Justicia tamaulipeco, Irving Barrios Mojica; y [&hellip;]<\/p>\n","protected":false},"author":1,"featured_media":1082,"comment_status":"open","ping_status":"open","sticky":false,"template":"","format":"standard","meta":{"footnotes":""},"categories":[53],"tags":[],"class_list":{"0":"post-1081","1":"post","2":"type-post","3":"status-publish","4":"format-standard","5":"has-post-thumbnail","7":"category-tamaulipas"},"amp_enabled":true,"_links":{"self":[{"href":"https:\/\/luisvaltierranoticias.com\/index.php?rest_route=\/wp\/v2\/posts\/1081","targetHints":{"allow":["GET"]}}],"collection":[{"href":"https:\/\/luisvaltierranoticias.com\/index.php?rest_route=\/wp\/v2\/posts"}],"about":[{"href":"https:\/\/luisvaltierranoticias.com\/index.php?rest_route=\/wp\/v2\/types\/post"}],"author":[{"embeddable":true,"href":"https:\/\/luisvaltierranoticias.com\/index.php?rest_route=\/wp\/v2\/users\/1"}],"replies":[{"embeddable":true,"href":"https:\/\/luisvaltierranoticias.com\/index.php?rest_route=%2Fwp%2Fv2%2Fcomments&post=1081"}],"version-history":[{"count":1,"href":"https:\/\/luisvaltierranoticias.com\/index.php?rest_route=\/wp\/v2\/posts\/1081\/revisions"}],"predecessor-version":[{"id":1083,"href":"https:\/\/luisvaltierranoticias.com\/index.php?rest_route=\/wp\/v2\/posts\/1081\/revisions\/1083"}],"wp:featuredmedia":[{"embeddable":true,"href":"https:\/\/luisvaltierranoticias.com\/index.php?rest_route=\/wp\/v2\/media\/1082"}],"wp:attachment":[{"href":"https:\/\/luisvaltierranoticias.com\/index.php?rest_route=%2Fwp%2Fv2%2Fmedia&parent=1081"}],"wp:term":[{"taxonomy":"category","embeddable":true,"href":"https:\/\/luisvaltierranoticias.com\/index.php?rest_route=%2Fwp%2Fv2%2Fcategories&post=1081"},{"taxonomy":"post_tag","embeddable":true,"href":"https:\/\/luisvaltierranoticias.com\/index.php?rest_route=%2Fwp%2Fv2%2Ftags&post=1081"}],"curies":[{"name":"wp","href":"https:\/\/api.w.org\/{rel}","templated":true}]}}