{"id":1072,"date":"2023-09-04T13:48:12","date_gmt":"2023-09-04T18:48:12","guid":{"rendered":"https:\/\/luisvaltierranoticias.com\/?p=1072"},"modified":"2023-09-04T13:48:14","modified_gmt":"2023-09-04T18:48:14","slug":"estamos-listos-para-hacer-sinergia-por-nuevo-laredo-partido-verde-refrenda-compromiso-con-la-transformacion","status":"publish","type":"post","link":"https:\/\/luisvaltierranoticias.com\/?p=1072","title":{"rendered":"\u201cESTAMOS LISTOS PARA HACER SINERGIA POR NUEVO LAREDO\u201d; PARTIDO VERDE REFRENDA COMPROMISO CON LA TRANSFORMACI\u00d3N"},"content":{"rendered":"\n<p>Por: Agencias <\/p>\n\n\n\n<p>Ante cientos de neolaredenses simpatizantes del Partido Verde Ecologista de M\u00e9xico (PVEM), el dirigente estatal, Manuel Mu\u00f1oz Cano, refrend\u00f3 el compromiso de este instituto pol\u00edtico con MORENA para que la transformaci\u00f3n de Nuevo Laredo y todo Tamaulipas contin\u00fae.<\/p>\n\n\n\n<p>Mu\u00f1os Cano, acompa\u00f1ado de Juan de Dios Juanes Carrizales, coordinador municipal del partido y la diputada federal Ana Laura Huerta, tomaron protesta a promotores de la \u201cAgenda Verde\u201d, quienes ser\u00e1n los encargados de trabajar para fortalecer las filas de PVEM y el proyecto de la 4T.<\/p>\n\n\n\n<p>\u201cMe siento muy contento porque cada d\u00eda somos m\u00e1s en el verde de Nuevo Laredo, soy testigo de c\u00f3mo hemos ido consolidando nuestro movimiento y sumando a mujeres y hombres comprometidos con la transformaci\u00f3n, estamos listos y fortalecidos de cara al proceso electoral que est\u00e1 a d\u00edas de iniciar\u201d, expres\u00f3 Mu\u00f1oz Cano.<\/p>\n\n\n\n<p>Afirm\u00f3 que el Verde Ecologista est\u00e1 firme en su alianza con MORENA, ya que los gobiernos emanados de esta uni\u00f3n, han demostrado buenos resultados y generando bienestar para los ciudadanos, tal y como ha ocurrido en Nuevo Laredo.<\/p>\n\n\n\n<p>Y recalc\u00f3 que el Partido Verde Ecologista ya est\u00e1 listo para las elecciones del 2024 para apoyar los mejores perfiles de candidatos que est\u00e9n cercanos a la gente.<\/p>\n\n\n\n<p>\u201cVeo una ciudad limpia, veo una ciudad donde se percibe el progreso y eso se traduce en bienestar para las mujeres y hombre de este municipio, por ello mi reconocimiento para una mujer que ha hecho un trabajo muy importante para hacer que hoy Nuevo Laredo tenga esa vigencia, mi amiga Carmen Lilia Canturosas, presidenta de este municipio\u201d, destac\u00f3 el dirigente estatal.<\/p>\n\n\n\n<p>Reiter\u00f3 que el Partido Verde respaldar\u00e1 en el siguiente proceso electoral a proyectos como el de Carmen Lilia Canturosas, que han demostrado con trabajo su compromiso con la gente y el desarrollo del municipio.<\/p>\n\n\n\n<p>\u201cNo tengo la menor duda, que con candidatas y candidatos de esa altura, nosotros como partido estaremos de lado de ellos, de lado de gente honesta, comprometida con su sociedad, estamos listos para hacer esa gran sinergia por Nuevo Laredo y su gente\u201d, reiter\u00f3 Mu\u00f1oz Cano.<\/p>\n","protected":false},"excerpt":{"rendered":"<p>Por: Agencias Ante cientos de neolaredenses simpatizantes del Partido Verde Ecologista de M\u00e9xico (PVEM), el dirigente estatal, Manuel Mu\u00f1oz Cano, refrend\u00f3 el compromiso de este instituto pol\u00edtico con MORENA para que la transformaci\u00f3n de Nuevo Laredo y todo Tamaulipas contin\u00fae. Mu\u00f1os Cano, acompa\u00f1ado de Juan de Dios Juanes Carrizales, coordinador municipal del partido y la [&hellip;]<\/p>\n","protected":false},"author":1,"featured_media":1073,"comment_status":"open","ping_status":"open","sticky":false,"template":"","format":"standard","meta":{"footnotes":""},"categories":[31],"tags":[],"class_list":{"0":"post-1072","1":"post","2":"type-post","3":"status-publish","4":"format-standard","5":"has-post-thumbnail","7":"category-nuevo-laredo"},"amp_enabled":true,"_links":{"self":[{"href":"https:\/\/luisvaltierranoticias.com\/index.php?rest_route=\/wp\/v2\/posts\/1072","targetHints":{"allow":["GET"]}}],"collection":[{"href":"https:\/\/luisvaltierranoticias.com\/index.php?rest_route=\/wp\/v2\/posts"}],"about":[{"href":"https:\/\/luisvaltierranoticias.com\/index.php?rest_route=\/wp\/v2\/types\/post"}],"author":[{"embeddable":true,"href":"https:\/\/luisvaltierranoticias.com\/index.php?rest_route=\/wp\/v2\/users\/1"}],"replies":[{"embeddable":true,"href":"https:\/\/luisvaltierranoticias.com\/index.php?rest_route=%2Fwp%2Fv2%2Fcomments&post=1072"}],"version-history":[{"count":1,"href":"https:\/\/luisvaltierranoticias.com\/index.php?rest_route=\/wp\/v2\/posts\/1072\/revisions"}],"predecessor-version":[{"id":1074,"href":"https:\/\/luisvaltierranoticias.com\/index.php?rest_route=\/wp\/v2\/posts\/1072\/revisions\/1074"}],"wp:featuredmedia":[{"embeddable":true,"href":"https:\/\/luisvaltierranoticias.com\/index.php?rest_route=\/wp\/v2\/media\/1073"}],"wp:attachment":[{"href":"https:\/\/luisvaltierranoticias.com\/index.php?rest_route=%2Fwp%2Fv2%2Fmedia&parent=1072"}],"wp:term":[{"taxonomy":"category","embeddable":true,"href":"https:\/\/luisvaltierranoticias.com\/index.php?rest_route=%2Fwp%2Fv2%2Fcategories&post=1072"},{"taxonomy":"post_tag","embeddable":true,"href":"https:\/\/luisvaltierranoticias.com\/index.php?rest_route=%2Fwp%2Fv2%2Ftags&post=1072"}],"curies":[{"name":"wp","href":"https:\/\/api.w.org\/{rel}","templated":true}]}}