{"id":10714,"date":"2024-11-30T18:53:14","date_gmt":"2024-12-01T00:53:14","guid":{"rendered":"https:\/\/luisvaltierranoticias.com\/?p=10714"},"modified":"2024-11-30T18:53:16","modified_gmt":"2024-12-01T00:53:16","slug":"disfrudisfrutan-familias-y-adultos-mayores-del-jueves-de-danzon-en-la-plaza-simon-bolivar","status":"publish","type":"post","link":"https:\/\/luisvaltierranoticias.com\/?p=10714","title":{"rendered":"DISFRUDISFRUTAN FAMILIAS Y ADULTOS MAYORES DEL JUEVES DE DANZ\u00d3N EN LA PLAZA SIM\u00d3N BOL\u00cdVAR"},"content":{"rendered":"\n<p class=\"wp-block-paragraph\">Por: Staff | #NuevoLaredo #Laredo #NLD #Tamaulipas<\/p>\n\n\n\n<p class=\"wp-block-paragraph\">Ni el frente fr\u00edo que lleg\u00f3 detuvo a las familias que acudieron a disfrutar de una edici\u00f3n m\u00e1s del \u201cJueves de Danz\u00f3n\u201d en la plaza Sim\u00f3n Bol\u00edvar que tuvo muy buena respuesta de los amantes a la buena m\u00fasica y gusto por el baile.<\/p>\n\n\n\n<p class=\"wp-block-paragraph\">Decenas de parejas de todas las edades se dieron cita a esta plaza para disfrutar de los ritmos como el cha cha, danz\u00f3n, cumbia, polka y hasta salsa.<\/p>\n\n\n\n<p class=\"wp-block-paragraph\">Las parejas de los adultos mayores los llamados \u201cChicos Malos\u201d destacaron con su presencia y de inmediato saltaron a la pista poniendo la muestra a las generaciones actuales.<\/p>\n\n\n\n<p class=\"wp-block-paragraph\">\u201cQueremos decirles a los j\u00f3venes que esta vida se las estamos transmitiendo a ellos, si nosotros podemos, pues ellos m\u00e1s porque tienen m\u00e1s energ\u00eda que nosotros\u201d, se\u00f1al\u00f3 Dominga Guzm\u00e1n de Montemayor, residente de la colonia Madero.<\/p>\n\n\n\n<p class=\"wp-block-paragraph\">Vestida a la moda de los salones de baile, destac\u00f3 la importancia de participar y agradeci\u00f3 los esfuerzos del Gobierno Municipal por organizar estos eventos.<\/p>\n\n\n\n<p class=\"wp-block-paragraph\">Destac\u00f3 la importancia del baile como ejercicio pues ayuda a disminuir los efectos de las enfermedades, que como adulto mayor, son muy comunes, adem\u00e1s que han creado un c\u00edrculo de amistad en los tres a\u00f1os que llevan en la pr\u00e1ctica.<\/p>\n\n\n\n<p class=\"wp-block-paragraph\">La sesi\u00f3n inici\u00f3 con la presentaci\u00f3n de un grupo de baile de la Escuela Normal Cuauht\u00e9moc y posteriormente los asistentes se unieron al baile.<\/p>\n","protected":false},"excerpt":{"rendered":"<p>Por: Staff | #NuevoLaredo #Laredo #NLD #Tamaulipas Ni el frente fr\u00edo que lleg\u00f3 detuvo a las familias que acudieron a disfrutar de una edici\u00f3n m\u00e1s del \u201cJueves de Danz\u00f3n\u201d en la plaza Sim\u00f3n Bol\u00edvar que tuvo muy buena respuesta de los amantes a la buena m\u00fasica y gusto por el baile. Decenas de parejas de [&hellip;]<\/p>\n","protected":false},"author":1,"featured_media":10715,"comment_status":"open","ping_status":"open","sticky":false,"template":"","format":"standard","meta":{"footnotes":""},"categories":[31],"tags":[],"class_list":["post-10714","post","type-post","status-publish","format-standard","has-post-thumbnail","category-nuevo-laredo"],"amp_enabled":true,"_links":{"self":[{"href":"https:\/\/luisvaltierranoticias.com\/index.php?rest_route=\/wp\/v2\/posts\/10714","targetHints":{"allow":["GET"]}}],"collection":[{"href":"https:\/\/luisvaltierranoticias.com\/index.php?rest_route=\/wp\/v2\/posts"}],"about":[{"href":"https:\/\/luisvaltierranoticias.com\/index.php?rest_route=\/wp\/v2\/types\/post"}],"author":[{"embeddable":true,"href":"https:\/\/luisvaltierranoticias.com\/index.php?rest_route=\/wp\/v2\/users\/1"}],"replies":[{"embeddable":true,"href":"https:\/\/luisvaltierranoticias.com\/index.php?rest_route=%2Fwp%2Fv2%2Fcomments&post=10714"}],"version-history":[{"count":1,"href":"https:\/\/luisvaltierranoticias.com\/index.php?rest_route=\/wp\/v2\/posts\/10714\/revisions"}],"predecessor-version":[{"id":10716,"href":"https:\/\/luisvaltierranoticias.com\/index.php?rest_route=\/wp\/v2\/posts\/10714\/revisions\/10716"}],"wp:featuredmedia":[{"embeddable":true,"href":"https:\/\/luisvaltierranoticias.com\/index.php?rest_route=\/wp\/v2\/media\/10715"}],"wp:attachment":[{"href":"https:\/\/luisvaltierranoticias.com\/index.php?rest_route=%2Fwp%2Fv2%2Fmedia&parent=10714"}],"wp:term":[{"taxonomy":"category","embeddable":true,"href":"https:\/\/luisvaltierranoticias.com\/index.php?rest_route=%2Fwp%2Fv2%2Fcategories&post=10714"},{"taxonomy":"post_tag","embeddable":true,"href":"https:\/\/luisvaltierranoticias.com\/index.php?rest_route=%2Fwp%2Fv2%2Ftags&post=10714"}],"curies":[{"name":"wp","href":"https:\/\/api.w.org\/{rel}","templated":true}]}}