{"id":1069,"date":"2023-09-04T11:22:54","date_gmt":"2023-09-04T16:22:54","guid":{"rendered":"https:\/\/luisvaltierranoticias.com\/?p=1069"},"modified":"2023-09-04T11:22:56","modified_gmt":"2023-09-04T16:22:56","slug":"firma-alcaldesa-convenio-de-colaboracion","status":"publish","type":"post","link":"https:\/\/luisvaltierranoticias.com\/?p=1069","title":{"rendered":"FIRMA ALCALDESA CONVENIO DE COLABORACION"},"content":{"rendered":"\n<p>Por: Staff<\/p>\n\n\n\n<p>Gustavo D\u00edaz Ordaz, Tam.- Como parte del compromiso del apoyo a los programas sociales, la Alcaldesa Nataly Garc\u00eda D\u00edaz firm\u00f3 en la capital del estado el convenio de Colaboraci\u00f3n para el Desarrollo de Funcionamiento de los Comedores de Bienestar.<\/p>\n\n\n\n<p>En beneficio de las personas m\u00e1s necesitadas, se llev\u00f3 a cabo este convenio de colaboraci\u00f3n con la Secretar\u00eda de Bienestar Social Tamaulipas.<\/p>\n\n\n\n<p>La Alcaldesa Nataly Garc\u00eda D\u00edaz agradeci\u00f3 a la Secretaria de Bienestar Ver\u00f3nica Aguirre por el apoyo a este municipio para la aplicaci\u00f3n de los programas sociales que lleven una mejor calidad de vida a los D\u00edazordacenses.<\/p>\n","protected":false},"excerpt":{"rendered":"<p>Por: Staff Gustavo D\u00edaz Ordaz, Tam.- Como parte del compromiso del apoyo a los programas sociales, la Alcaldesa Nataly Garc\u00eda D\u00edaz firm\u00f3 en la capital del estado el convenio de Colaboraci\u00f3n para el Desarrollo de Funcionamiento de los Comedores de Bienestar. En beneficio de las personas m\u00e1s necesitadas, se llev\u00f3 a cabo este convenio de [&hellip;]<\/p>\n","protected":false},"author":1,"featured_media":1070,"comment_status":"open","ping_status":"open","sticky":false,"template":"","format":"standard","meta":{"footnotes":""},"categories":[53],"tags":[],"class_list":{"0":"post-1069","1":"post","2":"type-post","3":"status-publish","4":"format-standard","5":"has-post-thumbnail","7":"category-tamaulipas"},"amp_enabled":true,"_links":{"self":[{"href":"https:\/\/luisvaltierranoticias.com\/index.php?rest_route=\/wp\/v2\/posts\/1069","targetHints":{"allow":["GET"]}}],"collection":[{"href":"https:\/\/luisvaltierranoticias.com\/index.php?rest_route=\/wp\/v2\/posts"}],"about":[{"href":"https:\/\/luisvaltierranoticias.com\/index.php?rest_route=\/wp\/v2\/types\/post"}],"author":[{"embeddable":true,"href":"https:\/\/luisvaltierranoticias.com\/index.php?rest_route=\/wp\/v2\/users\/1"}],"replies":[{"embeddable":true,"href":"https:\/\/luisvaltierranoticias.com\/index.php?rest_route=%2Fwp%2Fv2%2Fcomments&post=1069"}],"version-history":[{"count":1,"href":"https:\/\/luisvaltierranoticias.com\/index.php?rest_route=\/wp\/v2\/posts\/1069\/revisions"}],"predecessor-version":[{"id":1071,"href":"https:\/\/luisvaltierranoticias.com\/index.php?rest_route=\/wp\/v2\/posts\/1069\/revisions\/1071"}],"wp:featuredmedia":[{"embeddable":true,"href":"https:\/\/luisvaltierranoticias.com\/index.php?rest_route=\/wp\/v2\/media\/1070"}],"wp:attachment":[{"href":"https:\/\/luisvaltierranoticias.com\/index.php?rest_route=%2Fwp%2Fv2%2Fmedia&parent=1069"}],"wp:term":[{"taxonomy":"category","embeddable":true,"href":"https:\/\/luisvaltierranoticias.com\/index.php?rest_route=%2Fwp%2Fv2%2Fcategories&post=1069"},{"taxonomy":"post_tag","embeddable":true,"href":"https:\/\/luisvaltierranoticias.com\/index.php?rest_route=%2Fwp%2Fv2%2Ftags&post=1069"}],"curies":[{"name":"wp","href":"https:\/\/api.w.org\/{rel}","templated":true}]}}