{"id":10248,"date":"2024-11-14T16:49:36","date_gmt":"2024-11-14T22:49:36","guid":{"rendered":"https:\/\/luisvaltierranoticias.com\/?p=10248"},"modified":"2024-11-14T16:49:38","modified_gmt":"2024-11-14T22:49:38","slug":"lleva-a-cabo-dif-tamaulipas-el-primer-congreso-internacional-de-rehabilitacion","status":"publish","type":"post","link":"https:\/\/luisvaltierranoticias.com\/?p=10248","title":{"rendered":"Lleva a cabo DIF Tamaulipas el primer Congreso Internacional de Rehabilitaci\u00f3n"},"content":{"rendered":"\n<p class=\"wp-block-paragraph\">-Del 14 al 15 de noviembre, especialistas de Colombia, Cuba y M\u00e9xico imparten conferencias magistrales a profesionales y alumnos<\/p>\n\n\n\n<p class=\"wp-block-paragraph\">Por: Agencias<\/p>\n\n\n\n<p class=\"wp-block-paragraph\">Ciudad Victoria, Tamaulipas.- En el marco de la conmemoraci\u00f3n del 36 aniversario del Centro de Rehabilitaci\u00f3n y Educaci\u00f3n Especial (CREE), el Sistema DIF Tamaulipas, que preside la doctora Mar\u00eda de Villarreal, llev\u00f3 a cabo el primer Congreso Internacional de Rehabilitaci\u00f3n, con la participaci\u00f3n de especialistas latinoamericanos, adem\u00e1s de profesionales y alumnos de diversas instituciones y escuelas de nivel superior del estado.<\/p>\n\n\n\n<p class=\"wp-block-paragraph\">Por primera vez en la historia del congreso anual del CREE, se conjunta el conocimiento, experiencia e investigaciones de tres colegios de terapia f\u00edsica y autismo de Cuba, Colombia y M\u00e9xico, a fin de ofrecer un programa acad\u00e9mico de alto nivel para comparar y compartir experiencias y estrechar lazos entre los profesionales dedicados a restaurar vidas con dignidad y humanismo.<\/p>\n\n\n\n<p class=\"wp-block-paragraph\">Entre los temas abordados durante el congreso destacan las caracter\u00edsticas y funciones de las pr\u00f3tesis de miembro inferior; pasado, presente y futuro de la rehabilitaci\u00f3n; proyecto de investigaci\u00f3n cubano en inclusi\u00f3n socioeducativa; fisioterapia acu\u00e1tica basada en la evidencia; y evaluaci\u00f3n de la postura, tono y reflejos en el neonato y ni\u00f1o con riesgo neurol\u00f3gico, entre otros.<\/p>\n\n\n\n<p class=\"wp-block-paragraph\">Las conferencias magistrales fueron tomadas por presidentas, presidentes, directores y directoras de los Sistemas DIF municipales, adem\u00e1s de personal del CREE, Unidades B\u00e1sicas de Rehabilitaci\u00f3n (UBR), Centros de Rehabilitaci\u00f3n Integral (CRI), docentes y alumnos de escuelas de educaci\u00f3n superior afines, entre otros profesionales de la salud.<\/p>\n","protected":false},"excerpt":{"rendered":"<p>-Del 14 al 15 de noviembre, especialistas de Colombia, Cuba y M\u00e9xico imparten conferencias magistrales a profesionales y alumnos Por: Agencias Ciudad Victoria, Tamaulipas.- En el marco de la conmemoraci\u00f3n del 36 aniversario del Centro de Rehabilitaci\u00f3n y Educaci\u00f3n Especial (CREE), el Sistema DIF Tamaulipas, que preside la doctora Mar\u00eda de Villarreal, llev\u00f3 a cabo [&hellip;]<\/p>\n","protected":false},"author":1,"featured_media":10249,"comment_status":"open","ping_status":"open","sticky":false,"template":"","format":"standard","meta":{"footnotes":""},"categories":[53],"tags":[],"class_list":["post-10248","post","type-post","status-publish","format-standard","has-post-thumbnail","category-tamaulipas"],"amp_enabled":true,"_links":{"self":[{"href":"https:\/\/luisvaltierranoticias.com\/index.php?rest_route=\/wp\/v2\/posts\/10248","targetHints":{"allow":["GET"]}}],"collection":[{"href":"https:\/\/luisvaltierranoticias.com\/index.php?rest_route=\/wp\/v2\/posts"}],"about":[{"href":"https:\/\/luisvaltierranoticias.com\/index.php?rest_route=\/wp\/v2\/types\/post"}],"author":[{"embeddable":true,"href":"https:\/\/luisvaltierranoticias.com\/index.php?rest_route=\/wp\/v2\/users\/1"}],"replies":[{"embeddable":true,"href":"https:\/\/luisvaltierranoticias.com\/index.php?rest_route=%2Fwp%2Fv2%2Fcomments&post=10248"}],"version-history":[{"count":1,"href":"https:\/\/luisvaltierranoticias.com\/index.php?rest_route=\/wp\/v2\/posts\/10248\/revisions"}],"predecessor-version":[{"id":10250,"href":"https:\/\/luisvaltierranoticias.com\/index.php?rest_route=\/wp\/v2\/posts\/10248\/revisions\/10250"}],"wp:featuredmedia":[{"embeddable":true,"href":"https:\/\/luisvaltierranoticias.com\/index.php?rest_route=\/wp\/v2\/media\/10249"}],"wp:attachment":[{"href":"https:\/\/luisvaltierranoticias.com\/index.php?rest_route=%2Fwp%2Fv2%2Fmedia&parent=10248"}],"wp:term":[{"taxonomy":"category","embeddable":true,"href":"https:\/\/luisvaltierranoticias.com\/index.php?rest_route=%2Fwp%2Fv2%2Fcategories&post=10248"},{"taxonomy":"post_tag","embeddable":true,"href":"https:\/\/luisvaltierranoticias.com\/index.php?rest_route=%2Fwp%2Fv2%2Ftags&post=10248"}],"curies":[{"name":"wp","href":"https:\/\/api.w.org\/{rel}","templated":true}]}}