{"id":1014,"date":"2023-09-03T15:50:57","date_gmt":"2023-09-03T20:50:57","guid":{"rendered":"https:\/\/luisvaltierranoticias.com\/?p=1014"},"modified":"2023-09-03T15:50:59","modified_gmt":"2023-09-03T20:50:59","slug":"deportistas-tamaulipecos-orgullosos-de-participar-en-carrera-de-la-sspt","status":"publish","type":"post","link":"https:\/\/luisvaltierranoticias.com\/?p=1014","title":{"rendered":"Deportistas tamaulipecos orgullosos de participar en carrera de la SSPT"},"content":{"rendered":"\n<p>Por: Agencias <\/p>\n\n\n\n<p>Ciudad Victoria, Tamaulipas.- La carrera \u201cCorriendo a favor de una vida libre de violencia\u201d, organizada por la Direcci\u00f3n de Ejecuci\u00f3n de Medidas para Adolescentes de la Secretar\u00eda de Seguridad P\u00fablica de Tamaulipas (SSPT) reuni\u00f3 a corredores de todas las edades quienes agradecieron la apertura de este tipo de eventos al p\u00fablico en general y la causa a favor de la juventud y el medio ambiente.<\/p>\n\n\n\n<p>\u201cMe pareci\u00f3 muy bien, algo diferente\u201d, se\u00f1al\u00f3 Jos\u00e9 Carlos Gonz\u00e1lez Medrano, joven de 18 a\u00f1os perteneciente al equipo \u201cPolos Team\u201d de Ciudad Victoria, quien obtuvo el primer lugar en la categor\u00eda de tres kil\u00f3metros.<\/p>\n\n\n\n<p>Al ser la donaci\u00f3n de un \u00e1rbol para reforestar el Centro Regional ubicado en el municipio de G\u00fc\u00e9mez, calific\u00f3 esta iniciativa como positiva y diferente a comparaci\u00f3n de otras carreras, adem\u00e1s, agradeci\u00f3 a la SSPT por reconocer y premiar el esfuerzo de los atletas al otorgar est\u00edmulos econ\u00f3micos a los competidores que obtuvieron los primeros lugares en ambas categor\u00edas.<\/p>\n\n\n\n<p>La convocatoria fue atendida por personal operativo y administrativo de la SSPT; adultos mayores; madres en compa\u00f1\u00eda de sus hijos; ni\u00f1os y ni\u00f1as; corredores acompa\u00f1ados de mascotas; as\u00ed como j\u00f3venes, adultos, desde amateurs hasta atletas de alto rendimiento, lo que convirti\u00f3 a esta carrera en una actividad inclusiva en la que amantes del deporte se unieron a favor de una vida libre de violencia.<\/p>\n","protected":false},"excerpt":{"rendered":"<p>Por: Agencias Ciudad Victoria, Tamaulipas.- La carrera \u201cCorriendo a favor de una vida libre de violencia\u201d, organizada por la Direcci\u00f3n de Ejecuci\u00f3n de Medidas para Adolescentes de la Secretar\u00eda de Seguridad P\u00fablica de Tamaulipas (SSPT) reuni\u00f3 a corredores de todas las edades quienes agradecieron la apertura de este tipo de eventos al p\u00fablico en general [&hellip;]<\/p>\n","protected":false},"author":1,"featured_media":1015,"comment_status":"open","ping_status":"open","sticky":false,"template":"","format":"standard","meta":{"footnotes":""},"categories":[55],"tags":[],"class_list":{"0":"post-1014","1":"post","2":"type-post","3":"status-publish","4":"format-standard","5":"has-post-thumbnail","7":"category-seguridad"},"amp_enabled":true,"_links":{"self":[{"href":"https:\/\/luisvaltierranoticias.com\/index.php?rest_route=\/wp\/v2\/posts\/1014","targetHints":{"allow":["GET"]}}],"collection":[{"href":"https:\/\/luisvaltierranoticias.com\/index.php?rest_route=\/wp\/v2\/posts"}],"about":[{"href":"https:\/\/luisvaltierranoticias.com\/index.php?rest_route=\/wp\/v2\/types\/post"}],"author":[{"embeddable":true,"href":"https:\/\/luisvaltierranoticias.com\/index.php?rest_route=\/wp\/v2\/users\/1"}],"replies":[{"embeddable":true,"href":"https:\/\/luisvaltierranoticias.com\/index.php?rest_route=%2Fwp%2Fv2%2Fcomments&post=1014"}],"version-history":[{"count":1,"href":"https:\/\/luisvaltierranoticias.com\/index.php?rest_route=\/wp\/v2\/posts\/1014\/revisions"}],"predecessor-version":[{"id":1016,"href":"https:\/\/luisvaltierranoticias.com\/index.php?rest_route=\/wp\/v2\/posts\/1014\/revisions\/1016"}],"wp:featuredmedia":[{"embeddable":true,"href":"https:\/\/luisvaltierranoticias.com\/index.php?rest_route=\/wp\/v2\/media\/1015"}],"wp:attachment":[{"href":"https:\/\/luisvaltierranoticias.com\/index.php?rest_route=%2Fwp%2Fv2%2Fmedia&parent=1014"}],"wp:term":[{"taxonomy":"category","embeddable":true,"href":"https:\/\/luisvaltierranoticias.com\/index.php?rest_route=%2Fwp%2Fv2%2Fcategories&post=1014"},{"taxonomy":"post_tag","embeddable":true,"href":"https:\/\/luisvaltierranoticias.com\/index.php?rest_route=%2Fwp%2Fv2%2Ftags&post=1014"}],"curies":[{"name":"wp","href":"https:\/\/api.w.org\/{rel}","templated":true}]}}